{"id":31049,"date":"2023-09-04T23:43:51","date_gmt":"2023-09-05T02:43:51","guid":{"rendered":"https:\/\/ligamercedina.com\/web\/?p=31049"},"modified":"2023-09-05T12:16:59","modified_gmt":"2023-09-05T15:16:59","slug":"primera-segunda-adelanto-de-horarios-para-el-fin-de-semana-2","status":"publish","type":"post","link":"https:\/\/ligamercedina.com\/web\/primera-segunda-adelanto-de-horarios-para-el-fin-de-semana-2\/","title":{"rendered":"PRIMERA &#8211; SEGUNDA: ADELANTO DE HORARIOS PARA EL FIN DE SEMANA"},"content":{"rendered":"<p><em><strong>Viernes 8 de septiembre, cancha Liga Mercedina<\/strong><\/em><br \/>\n19:30 hs. Palometas Vs. Uni\u00f3n<br \/>\n21:30 hs. Ateneo Vs. El Front\u00f3n<\/p>\n<p><em><strong>S\u00e1bado 9 de septiembre, cancha Liga Mercedina<\/strong><\/em><br \/>\n13:00 hs. Carteros Vs. Mercedes<br \/>\n15:00 hs. Defensores Vs. El Tim\u00f3n<br \/>\n17:00 hs. Trocha Vs. V\u00e9lez<br \/>\n19:00 hs. Col\u00f3n Vs. Holanda<\/p>\n<p><em><strong>S\u00e1bado 9 de septiembre, cancha V\u00e9lez<\/strong><\/em><br \/>\n13:00 hs. AMEFIP Vs. Estudiantes<br \/>\n15:00 hs. Quilmes Vs. Pabell\u00f3n Argentino<br \/>\n17:00 hs. All Haz Vs. Juventud<\/p>\n<p><em><strong>S\u00e1bado 9 de septiembre, cancha La Tijera<\/strong><\/em><br \/>\n15:30 hs. La Tijera Vs. Talleres<\/p>\n","protected":false},"excerpt":{"rendered":"<p>Viernes 8 de septiembre, cancha Liga Mercedina 19:30 hs. Palometas Vs. Uni\u00f3n 21:30 hs. Ateneo Vs. El Front\u00f3n S\u00e1bado 9 de septiembre, cancha Liga Mercedina 13:00 hs. Carteros Vs. Mercedes 15:00 hs. Defensores Vs. El Tim\u00f3n 17:00 hs. Trocha Vs. V\u00e9lez 19:00 hs. Col\u00f3n Vs. Holanda S\u00e1bado 9 de septiembre, cancha V\u00e9lez 13:00 hs. AMEFIP Vs. Estudiantes 15:00 hs. Quilmes<\/p>\n","protected":false},"author":2,"featured_media":0,"comment_status":"open","ping_status":"open","sticky":false,"template":"","format":"standard","meta":{"footnotes":""},"categories":[4],"tags":[],"class_list":["post-31049","post","type-post","status-publish","format-standard","hentry","category-informaciongeneral"],"_links":{"self":[{"href":"https:\/\/ligamercedina.com\/web\/wp-json\/wp\/v2\/posts\/31049","targetHints":{"allow":["GET"]}}],"collection":[{"href":"https:\/\/ligamercedina.com\/web\/wp-json\/wp\/v2\/posts"}],"about":[{"href":"https:\/\/ligamercedina.com\/web\/wp-json\/wp\/v2\/types\/post"}],"author":[{"embeddable":true,"href":"https:\/\/ligamercedina.com\/web\/wp-json\/wp\/v2\/users\/2"}],"replies":[{"embeddable":true,"href":"https:\/\/ligamercedina.com\/web\/wp-json\/wp\/v2\/comments?post=31049"}],"version-history":[{"count":4,"href":"https:\/\/ligamercedina.com\/web\/wp-json\/wp\/v2\/posts\/31049\/revisions"}],"predecessor-version":[{"id":31055,"href":"https:\/\/ligamercedina.com\/web\/wp-json\/wp\/v2\/posts\/31049\/revisions\/31055"}],"wp:attachment":[{"href":"https:\/\/ligamercedina.com\/web\/wp-json\/wp\/v2\/media?parent=31049"}],"wp:term":[{"taxonomy":"category","embeddable":true,"href":"https:\/\/ligamercedina.com\/web\/wp-json\/wp\/v2\/categories?post=31049"},{"taxonomy":"post_tag","embeddable":true,"href":"https:\/\/ligamercedina.com\/web\/wp-json\/wp\/v2\/tags?post=31049"}],"curies":[{"name":"wp","href":"https:\/\/api.w.org\/{rel}","templated":true}]}}