{"id":30989,"date":"2023-08-29T18:03:02","date_gmt":"2023-08-29T21:03:02","guid":{"rendered":"https:\/\/ligamercedina.com\/web\/?p=30989"},"modified":"2023-08-29T18:03:02","modified_gmt":"2023-08-29T21:03:02","slug":"futbol-femenino-horario-para-primera-division-2","status":"publish","type":"post","link":"https:\/\/ligamercedina.com\/web\/futbol-femenino-horario-para-primera-division-2\/","title":{"rendered":"FUTBOL FEMENINO: HORARIO PARA PRIMERA DIVISION"},"content":{"rendered":"<p><em><strong>S\u00e1bado 2 de septiembre, cancha Deportivo Gowland (Altamira)<\/strong><\/em><br \/>\n15:00 hs. Deportivo Gowland Vs. AMEFIP<\/p>\n<p><em><strong>S\u00e1bado 2 de septiembre, cancha Defensores<\/strong><\/em><br \/>\n15:30 hs. Defensores Vs. la Tijera<\/p>\n<p><em><strong>S\u00e1bado 2 de septiembre, cancha Atl\u00e9tico Marcos Paz<\/strong><\/em><br \/>\n15:30 hs. Atl\u00e9tico Marcos Paz Vs. Mercedes<\/p>\n<p><em><strong>S\u00e1bado 2 de septiembre, cancha Palometas<\/strong><\/em><br \/>\n17:45 hs. Palometas Vs. El Tim\u00f3n<\/p>\n<p><em><strong>S\u00e1bado 2 de septiembre, cancha Trocha<\/strong><\/em><br \/>\n19:45 hs. Trocha Vs. Carteros<\/p>\n<p><em><strong>Domingo 3 de septiembre, cancha Pabell\u00f3n Argentino<\/strong><\/em><br \/>\n15:30 hs.  Pabell\u00f3n Argentino Vs. V\u00e9lez<\/p>\n<p><em><strong>Postergado<\/strong><\/em><br \/>\nEl Front\u00f3n Vs. Uni\u00f3n<\/p>\n","protected":false},"excerpt":{"rendered":"<p>S\u00e1bado 2 de septiembre, cancha Deportivo Gowland (Altamira) 15:00 hs. Deportivo Gowland Vs. AMEFIP S\u00e1bado 2 de septiembre, cancha Defensores 15:30 hs. Defensores Vs. la Tijera S\u00e1bado 2 de septiembre, cancha Atl\u00e9tico Marcos Paz 15:30 hs. Atl\u00e9tico Marcos Paz Vs. Mercedes S\u00e1bado 2 de septiembre, cancha Palometas 17:45 hs. Palometas Vs. El Tim\u00f3n S\u00e1bado 2 de septiembre, cancha Trocha 19:45<\/p>\n","protected":false},"author":2,"featured_media":0,"comment_status":"open","ping_status":"open","sticky":false,"template":"","format":"standard","meta":{"footnotes":""},"categories":[4],"tags":[],"class_list":["post-30989","post","type-post","status-publish","format-standard","hentry","category-informaciongeneral"],"_links":{"self":[{"href":"https:\/\/ligamercedina.com\/web\/wp-json\/wp\/v2\/posts\/30989","targetHints":{"allow":["GET"]}}],"collection":[{"href":"https:\/\/ligamercedina.com\/web\/wp-json\/wp\/v2\/posts"}],"about":[{"href":"https:\/\/ligamercedina.com\/web\/wp-json\/wp\/v2\/types\/post"}],"author":[{"embeddable":true,"href":"https:\/\/ligamercedina.com\/web\/wp-json\/wp\/v2\/users\/2"}],"replies":[{"embeddable":true,"href":"https:\/\/ligamercedina.com\/web\/wp-json\/wp\/v2\/comments?post=30989"}],"version-history":[{"count":1,"href":"https:\/\/ligamercedina.com\/web\/wp-json\/wp\/v2\/posts\/30989\/revisions"}],"predecessor-version":[{"id":30990,"href":"https:\/\/ligamercedina.com\/web\/wp-json\/wp\/v2\/posts\/30989\/revisions\/30990"}],"wp:attachment":[{"href":"https:\/\/ligamercedina.com\/web\/wp-json\/wp\/v2\/media?parent=30989"}],"wp:term":[{"taxonomy":"category","embeddable":true,"href":"https:\/\/ligamercedina.com\/web\/wp-json\/wp\/v2\/categories?post=30989"},{"taxonomy":"post_tag","embeddable":true,"href":"https:\/\/ligamercedina.com\/web\/wp-json\/wp\/v2\/tags?post=30989"}],"curies":[{"name":"wp","href":"https:\/\/api.w.org\/{rel}","templated":true}]}}