{"id":30957,"date":"2023-08-24T10:29:45","date_gmt":"2023-08-24T13:29:45","guid":{"rendered":"https:\/\/ligamercedina.com\/web\/?p=30957"},"modified":"2023-08-24T10:30:54","modified_gmt":"2023-08-24T13:30:54","slug":"programa-para-los-99-partidos-a-jugarse-entre-sabado-y-domingo-en-las-distintas-categorias","status":"publish","type":"post","link":"https:\/\/ligamercedina.com\/web\/programa-para-los-99-partidos-a-jugarse-entre-sabado-y-domingo-en-las-distintas-categorias\/","title":{"rendered":"PROGRAMA PARA LOS 99 PARTIDOS A JUGARSE ENTRE SABADO Y MARTES EN LAS DISTINTAS CATEGORIAS"},"content":{"rendered":"<ul>\n<strong>PRIMERA DIVISION<\/strong><\/ul>\n<p><em><strong>S\u00e1bado 26 de agosto, cancha Liga Mercedina<\/strong><\/em><br \/>\n13:00 hs. Uni\u00f3n \u2013 Atl\u00e9tico Gral. Rodr\u00edguez<br \/>\n15:00 hs. Mercedes \u2013 AMEFIP<br \/>\n17:00 hs. Deportivo Gowland Vs. Atl\u00e9tico Marcos Paz<br \/>\n19:00 hs. Ateneo \u2013 Los Carteros<\/p>\n<p><em><strong>S\u00e1bado 26 de agosto, cancha V\u00e9lez Sarsfield<\/strong><\/em><br \/>\n14:00 hs. Col\u00f3n \u2013 La Tijera<br \/>\n16:00 hs. V\u00e9lez \u2013 All Haz<\/p>\n<p><em><strong>S\u00e1bado 26 de agosto, cancha El Front\u00f3n<\/strong><\/em><br \/>\n15:30 hs. El Front\u00f3n \u2013 Pabell\u00f3n Argentino<\/p>\n<p><em><strong>Domingo 27 de agosto, cancha Liga Mercedina<\/strong><\/em><br \/>\n13:00 hs. Holanda \u2013 Palometas FC<br \/>\n15:00 hs. Estudiantes \u2013 Defensores<br \/>\n17:00 hs. El Tim\u00f3n \u2013 Trocha<\/p>\n<p><em><strong>Domingo 27 de agosto, cancha Juventud<\/strong><\/em><br \/>\n16:00 hs. Juventud \u2013 Quilmes<\/p>\n<ul>\n<strong>RESERVA<\/strong><\/ul>\n<p><em><strong>S\u00e1bado 26 de agosto, cancha Quilmes<\/strong><\/em><br \/>\n13:00 hs. V\u00e9lez Vs. All Haz<br \/>\n15:45 hs. Uni\u00f3n Vs. Atl\u00e9tico Gral. Rodr\u00edguez<br \/>\n17:30 hs. Holanda Vs. Palometas<\/p>\n<p><em><strong>S\u00e1bado 26 de agosto, cancha Defensores<\/strong><\/em><br \/>\n14:00 hs. Deportivo Gowland Vs. Atl\u00e9tico Marcos Paz<\/p>\n<p><em><strong>S\u00e1bado 26 de agosto cancha El Tim\u00f3n<\/strong><\/em><br \/>\n14:15 hs. El Tim\u00f3n Vs. Trocha<\/p>\n<p><em><strong>S\u00e1bado 26 de agosto, cancha Estudiantes<\/strong><\/em><br \/>\n15:30 hs. Estudiantes Vs. Defensores<\/p>\n<p><em><strong>S\u00e1bado 26 de agosto, cancha Palometas<\/strong><\/em><br \/>\n17:00 hs. Col\u00f3n Vs. La Tijera<\/p>\n<p><em><strong>S\u00e1bado 26 de agosto, cancha El Front\u00f3n<\/strong><\/em><br \/>\n17:30 hs. El Front\u00f3n Vs. Pabell\u00f3n Argentino<\/p>\n<p><em><strong>S\u00e1bado 26 de agosto, cancha Mercedes<\/strong><\/em><br \/>\n19:15 hs. Mercedes Vs. AMEFIP<\/p>\n<p><em><strong>Domingo 27 de agosto, cancha Ateneo<\/strong><\/em><br \/>\n11:00 hs. Ateneo Vs. Los Carteros<\/p>\n<p><em><strong>Domingo 27 de agosto, cancha Juventud<\/strong><\/em><br \/>\n14:00 hs. Juventud \u2013 Quilmes<\/p>\n<ul>\n<strong>INFANTIL<\/strong><\/ul>\n<p><strong>Juventud \u2013 Defensores<\/strong><br \/>\n13:00 hs. Categor\u00eda 2015<br \/>\n14:00 hs. Categor\u00eda 2014<br \/>\n15:00 hs. Categor\u00eda 2013<br \/>\n16:00 hs. Categor\u00eda 2012<\/p>\n<p>10:15 hs Categor\u00eda 2011<br \/>\n11:30 hs Categor\u00eda 2010<br \/>\n12:45 hs Categor\u00eda 2009<br \/>\n14:00 hs Categor\u00eda 2008<br \/>\n15:15 hs. Categor\u00eda 5\u00aa<\/p>\n<p><strong>Los Carteros &#8211; Quilmes<\/strong><br \/>\n13:00 hs. Categor\u00eda 2015<br \/>\n14:00 hs. Categor\u00eda 2014<br \/>\n15:00 hs. Categor\u00eda 2013<br \/>\n16:00 hs. Categor\u00eda 2012<\/p>\n<p>10:15 hs Categor\u00eda 2011<br \/>\n11:30 hs Categor\u00eda 2010<br \/>\n12:45 hs Categor\u00eda 2009<br \/>\n14:00 hs Categor\u00eda 2008<br \/>\n15:15 hs. Categor\u00eda 5\u00aa<\/p>\n<p><strong>Uni\u00f3n \u2013 El Front\u00f3n<\/strong><br \/>\n13:00 hs. Categor\u00eda 2015<br \/>\n14:00 hs. Categor\u00eda 2014<br \/>\n15:00 hs. Categor\u00eda 2013<br \/>\n16:00 hs. Categor\u00eda 2012<\/p>\n<p>10:15 hs Categor\u00eda 2011<br \/>\n11:30 hs Categor\u00eda 2010<br \/>\n12:45 hs Categor\u00eda 2009<br \/>\n14:00 hs Categor\u00eda 2008<br \/>\n15:15 hs. Categor\u00eda 5\u00aa<\/p>\n<p><strong>Mercedes \u2013 Ateneo<\/strong><br \/>\n13:00 hs. Categor\u00eda 2015<br \/>\n14:00 hs. Categor\u00eda 2014<br \/>\n15:00 hs. Categor\u00eda 2013<br \/>\n16:00 hs. Categor\u00eda 2012<\/p>\n<p>10:15 hs Categor\u00eda 2011<br \/>\n11:30 hs Categor\u00eda 2010<br \/>\n12:45 hs Categor\u00eda 2009<br \/>\n14:00 hs Categor\u00eda 2008<br \/>\n15:15 hs. Categor\u00eda 5\u00aa<\/p>\n<p><strong>Palometas \u2013 Estudiantes<\/strong><br \/>\n13:00 hs. Categor\u00eda 2015<br \/>\n14:00 hs. Categor\u00eda 2014<br \/>\n15:00 hs. Categor\u00eda 2013<br \/>\n16:00 hs. Categor\u00eda 2012<\/p>\n<p>11:00 hs Categor\u00eda 2011<br \/>\n12:15 hs Categor\u00eda 2010<br \/>\n13:30 hs Categor\u00eda 2009<br \/>\n14:45 hs Categor\u00eda 2008<br \/>\n16:00 hs. Categor\u00eda 5\u00aa<\/p>\n<p><strong>Talleres \u2013V\u00e9lez (Cancha Ateneo)<\/strong><br \/>\n13:00 hs. Categor\u00eda 2015<br \/>\n14:00 hs. Categor\u00eda 2014<br \/>\n15:00 hs. Categor\u00eda 2013<br \/>\n16:00 hs. Categor\u00eda 2012<\/p>\n<p><strong>Pabell\u00f3n Argentino \u2013 V\u00e9lez<\/strong><br \/>\n10:15 hs Categor\u00eda 2011<br \/>\n11:30 hs Categor\u00eda 2010<br \/>\n12:45 hs Categor\u00eda 2009<br \/>\n14:00 hs Categor\u00eda 2008<br \/>\n15:15 hs. Categor\u00eda 5\u00aa<\/p>\n<p><strong>Trocha \u2013 Holanda<\/strong><br \/>\n13:00 hs. Categor\u00eda 2013<br \/>\n14:00 hs. Categor\u00eda 2012<\/p>\n<p>13:00 hs Categor\u00eda 2010<br \/>\n14:15 hs Categor\u00eda 2008<br \/>\n15:30 hs. Categor\u00eda 5\u00aa<\/p>\n<p><strong>Gowland \u2013 La Tijera<\/strong><br \/>\n13:00 hs Categor\u00eda 2010<\/p>\n<p><strong>El Tim\u00f3n \u2013 La Tijera<\/strong><br \/>\n11:30 hs Categor\u00eda 2008<br \/>\n12:45 hs. Categor\u00eda 5\u00aa<\/p>\n<ul>\n<strong>FEMENINO PRIMERA DIVISION<\/strong><\/ul>\n<p><em><strong>S\u00e1bado 26 de agosto, cancha Defensores<\/strong><\/em><br \/>\n16:00 hs. Defensores Vs. AMEFIP<\/p>\n<p><em><strong>S\u00e1bado 26 de agosto, cancha El Tim\u00f3n<\/strong><\/em><br \/>\n16:15 hs. El Tim\u00f3n Vs. Flandria<\/p>\n<p><em><strong>S\u00e1bado 26 de agosto, cancha Mercedes<\/strong><\/em><br \/>\n17:00 hs. Mercedes Vs. Palometas<\/p>\n<p><em><strong>S\u00e1bado 26 de agosto, cancha Los Carteros<\/strong><\/em><br \/>\n17:00 hs. Los Carteros Vs. El Front\u00f3n<\/p>\n<p><em><strong>S\u00e1bado 26 de agosto, cancha Uni\u00f3n<\/strong><\/em><br \/>\n17:00 hs. Uni\u00f3n Vs. Deportivo Gowland<\/p>\n<p><em><strong>S\u00e1bado 26 de agosto, cancha La Tijera<\/strong><\/em><br \/>\n17:00 hs. La Tijera Vs. Pabell\u00f3n Argentino<\/p>\n<p><em><strong>Domingo 27 de agosto, cancha V\u00e9lez Sarsfield<\/strong><\/em><br \/>\n15:00 hs. V\u00e9lez Vs. Atl\u00e9tico Marcos Paz<\/p>\n<ul>\n<strong>FEMENINO INFERIORES<\/strong><\/ul>\n<p><em><strong>S\u00e1bado 26 de Agosto, cancha Defensores<\/strong><\/em><br \/>\n12:45 hs. \u2013SUB 12- Defensores Vs. Fronton<br \/>\n14:00 hs. \u2013SUB 12- Mercedes Vs. Holanda<br \/>\n11:30 hs. \u2013SUB 16- Defensores Vs. Flandria Amarillo<br \/>\n12:45 hs. \u2013SUB 16- Estudiantes Vs. Flandria Negro<\/p>\n<p><em><strong>S\u00e0bado 26 de Agosto, cancha Trocha<\/strong><\/em><br \/>\n11:30 hs. \u2013SUB 14- Trocha Vs. Carteros<br \/>\n12:45 hs. \u2013SUB 12- Trocha Vs. Palometas<\/p>\n<p><em><strong>S\u00e0bado 26 de Agosto, cancha Mercedes<\/strong><\/em><br \/>\n11:45 hs. \u2013SUB 14- Mercedes Vs. Estudiantes<\/p>\n<p><em><strong>Martes 29 de Agosto, cancha Mercedes<\/strong><\/em><br \/>\n19:00 hs. \u2013SUB 16- Mercedes Vs. Trocha<\/p>\n","protected":false},"excerpt":{"rendered":"<p>PRIMERA DIVISION S\u00e1bado 26 de agosto, cancha Liga Mercedina 13:00 hs. Uni\u00f3n \u2013 Atl\u00e9tico Gral. Rodr\u00edguez 15:00 hs. Mercedes \u2013 AMEFIP 17:00 hs. Deportivo Gowland Vs. Atl\u00e9tico Marcos Paz 19:00 hs. Ateneo \u2013 Los Carteros S\u00e1bado 26 de agosto, cancha V\u00e9lez Sarsfield 14:00 hs. Col\u00f3n \u2013 La Tijera 16:00 hs. V\u00e9lez \u2013 All Haz S\u00e1bado 26 de agosto, cancha El<\/p>\n","protected":false},"author":2,"featured_media":0,"comment_status":"open","ping_status":"open","sticky":false,"template":"","format":"standard","meta":{"footnotes":""},"categories":[4],"tags":[],"class_list":["post-30957","post","type-post","status-publish","format-standard","hentry","category-informaciongeneral"],"_links":{"self":[{"href":"https:\/\/ligamercedina.com\/web\/wp-json\/wp\/v2\/posts\/30957","targetHints":{"allow":["GET"]}}],"collection":[{"href":"https:\/\/ligamercedina.com\/web\/wp-json\/wp\/v2\/posts"}],"about":[{"href":"https:\/\/ligamercedina.com\/web\/wp-json\/wp\/v2\/types\/post"}],"author":[{"embeddable":true,"href":"https:\/\/ligamercedina.com\/web\/wp-json\/wp\/v2\/users\/2"}],"replies":[{"embeddable":true,"href":"https:\/\/ligamercedina.com\/web\/wp-json\/wp\/v2\/comments?post=30957"}],"version-history":[{"count":2,"href":"https:\/\/ligamercedina.com\/web\/wp-json\/wp\/v2\/posts\/30957\/revisions"}],"predecessor-version":[{"id":30960,"href":"https:\/\/ligamercedina.com\/web\/wp-json\/wp\/v2\/posts\/30957\/revisions\/30960"}],"wp:attachment":[{"href":"https:\/\/ligamercedina.com\/web\/wp-json\/wp\/v2\/media?parent=30957"}],"wp:term":[{"taxonomy":"category","embeddable":true,"href":"https:\/\/ligamercedina.com\/web\/wp-json\/wp\/v2\/categories?post=30957"},{"taxonomy":"post_tag","embeddable":true,"href":"https:\/\/ligamercedina.com\/web\/wp-json\/wp\/v2\/tags?post=30957"}],"curies":[{"name":"wp","href":"https:\/\/api.w.org\/{rel}","templated":true}]}}