{"id":30910,"date":"2023-08-20T09:45:38","date_gmt":"2023-08-20T12:45:38","guid":{"rendered":"https:\/\/ligamercedina.com\/web\/?p=30910"},"modified":"2023-08-20T09:45:38","modified_gmt":"2023-08-20T12:45:38","slug":"luto-7","status":"publish","type":"post","link":"https:\/\/ligamercedina.com\/web\/luto-7\/","title":{"rendered":"LUTO"},"content":{"rendered":"<p><strong>La Liga Mercedina de F\u00fatbol lamenta el fallecimiento de Jos\u00e9 Luis Zunino, jugador de nuestro club afiliado al F\u00fatbol Senior, Sportivo Belgrano.<br \/>\nNuestras condolencias a familiares y amigos en este dif\u00edcil momento. Oraci\u00f3n a su memoria<\/strong><\/p>\n","protected":false},"excerpt":{"rendered":"<p>La Liga Mercedina de F\u00fatbol lamenta el fallecimiento de Jos\u00e9 Luis Zunino, jugador de nuestro club afiliado al F\u00fatbol Senior, Sportivo Belgrano. Nuestras condolencias a familiares y amigos en este dif\u00edcil momento. Oraci\u00f3n a su memoria<\/p>\n","protected":false},"author":2,"featured_media":0,"comment_status":"open","ping_status":"open","sticky":false,"template":"","format":"standard","meta":{"footnotes":""},"categories":[4],"tags":[],"class_list":["post-30910","post","type-post","status-publish","format-standard","hentry","category-informaciongeneral"],"_links":{"self":[{"href":"https:\/\/ligamercedina.com\/web\/wp-json\/wp\/v2\/posts\/30910","targetHints":{"allow":["GET"]}}],"collection":[{"href":"https:\/\/ligamercedina.com\/web\/wp-json\/wp\/v2\/posts"}],"about":[{"href":"https:\/\/ligamercedina.com\/web\/wp-json\/wp\/v2\/types\/post"}],"author":[{"embeddable":true,"href":"https:\/\/ligamercedina.com\/web\/wp-json\/wp\/v2\/users\/2"}],"replies":[{"embeddable":true,"href":"https:\/\/ligamercedina.com\/web\/wp-json\/wp\/v2\/comments?post=30910"}],"version-history":[{"count":1,"href":"https:\/\/ligamercedina.com\/web\/wp-json\/wp\/v2\/posts\/30910\/revisions"}],"predecessor-version":[{"id":30911,"href":"https:\/\/ligamercedina.com\/web\/wp-json\/wp\/v2\/posts\/30910\/revisions\/30911"}],"wp:attachment":[{"href":"https:\/\/ligamercedina.com\/web\/wp-json\/wp\/v2\/media?parent=30910"}],"wp:term":[{"taxonomy":"category","embeddable":true,"href":"https:\/\/ligamercedina.com\/web\/wp-json\/wp\/v2\/categories?post=30910"},{"taxonomy":"post_tag","embeddable":true,"href":"https:\/\/ligamercedina.com\/web\/wp-json\/wp\/v2\/tags?post=30910"}],"curies":[{"name":"wp","href":"https:\/\/api.w.org\/{rel}","templated":true}]}}