{"id":30879,"date":"2023-08-17T08:51:57","date_gmt":"2023-08-17T11:51:57","guid":{"rendered":"https:\/\/ligamercedina.com\/web\/?p=30879"},"modified":"2023-08-20T20:01:14","modified_gmt":"2023-08-20T23:01:14","slug":"programacion-de-los-104-partidos-a-jugarse-entre-sabado-y-lunes","status":"publish","type":"post","link":"https:\/\/ligamercedina.com\/web\/programacion-de-los-104-partidos-a-jugarse-entre-sabado-y-lunes\/","title":{"rendered":"PROGRAMACION DE LOS 104 PARTIDOS A JUGARSE ENTRE SABADO Y LUNES"},"content":{"rendered":"<p><strong>PROGRAMACION SABADO 19, DOMINGO 20 Y LUNES 21 DE AGOSTO<\/strong><\/p>\n<p><strong>PRIMERA DIVISION<\/strong><\/p>\n<p><em><strong>S\u00e1bado 19 de agosto, cancha Liga Mercedina<\/strong><\/em><br \/>\n13:30 hs. Defensores Vs. Mercedes<br \/>\n15:30 hs. AMEFIP Vs. Ateneo<br \/>\n17:30 hs. Los Carteros Vs. Pabell\u00f3n Argentino<br \/>\n19:30 hs. Talleres Vs. Deportivo Gowland<\/p>\n<p><em><strong>S\u00e1bado 19 de agosto, cancha V\u00e9lez Sarsfield<\/strong><\/em><br \/>\n16:00 hs. V\u00e9lez Sarsfield Vs. Juventud<\/p>\n<p><em><strong>S\u00e1bado 19 de agosto, cancha El Front\u00f3n<\/strong><\/em><br \/>\n16:00 hs. El Front\u00f3n Vs. Quilmes<\/p>\n<p><em><strong>S\u00e1bado 19 de agosto, cancha La Tijera<\/strong><\/em><br \/>\n19:30 hs. La Tijera Vs. Palometas <span style=\"color: #ff0000;\">-SUSPENDIDO, Pasa al lunes a las 15:30 hs.-<\/span><\/p>\n<p><em><strong>Domingo 20 de agosto, cancha Liga Mercedina<\/strong><\/em><br \/>\n13:00 hs. All Haz Vs. El Tim\u00f3n<br \/>\n15:00 hs. Uni\u00f3n Vs. Holanda<br \/>\n17:00 hs. Trocha Vs. Estudiantes<\/p>\n<p><em><strong>Domingo 20 de agosto, cancha Atl\u00e9tico Marcos Paz<\/strong><\/em><br \/>\n16:00 hs. Atl\u00e9tico Marcos Paz Vs. Atl\u00e9tico Gral. Rodr\u00edguez<\/p>\n<p><strong>RESERVA<\/strong><\/p>\n<p><em><strong>S\u00e1bado 19 de agosto, cancha Uni\u00f3n<\/strong><\/em><br \/>\n13:30 hs. V\u00e9lez Vs. Juventud<br \/>\n15:15 hs. Uni\u00f3n Vs. Holanda<\/p>\n<p><em><strong>S\u00e1bado 19 de agosto, cancha El Front\u00f3n<\/strong><\/em><br \/>\n14:00 hs. El Front\u00f3n Vs. Quilmes<\/p>\n<p><em><strong>S\u00e1bado 19 de agosto, cancha Los Carteros<\/strong><\/em><br \/>\n14:30 hs. Los Carteros Vs. Pabell\u00f3n Argentino<\/p>\n<p><em><strong>S\u00e1bado 19 de agosto, cancha Trocha<\/strong><\/em><br \/>\n14:00 hs. Talleres Vs. Deportivo Gowland<br \/>\n16:00 hs. Trocha Vs. Estudiantes<\/p>\n<p><em><strong>S\u00e1bado 19 de agosto, cancha Defensores<\/strong><\/em><br \/>\n13:00 hs. AMEFIP Vs. Ateneo<br \/>\n17:00 hs. Defensores Vs. Mercedes<\/p>\n<p><em><strong>S\u00e1bado 19 de agosto, cancha La Tijera<\/strong><\/em><br \/>\n17:30 hs. La Tijera Vs. Palometas <span style=\"color: #ff0000;\">-SUSPENDIDO, Pasa al lunes a las 17:30 hs.-<\/span><\/p>\n<p><em><strong>Domingo 20 de agosto, cancha Los Carteros<\/strong><\/em><br \/>\n16:00 hs. All Haz Vs. El Tim\u00f3n<\/p>\n<p><em><strong>Domingo 20 de agosto, cancha Atl\u00e9tico Marcos Paz<\/strong><\/em><br \/>\n14:00 hs. Atl\u00e9tico Marcos Paz Vs. Atl\u00e9tico Gral. Rodr\u00edguez<\/p>\n<p><strong>INFERIORES<\/strong><\/p>\n<p><em><strong>S\u00e1bado 19 de agosto <span style=\"color: #ff0000;\">-SUSPENDIDO, Pasa al lunes 21 de agosto-<\/span><\/strong><\/em><br \/>\n<em>La Tijera &#8211; Los Carteros<\/em><br \/>\n10:00 hs Categor\u00eda 2011<br \/>\n11:15 hs Categor\u00eda 2010<br \/>\n12:30 hs Categor\u00eda 2008<br \/>\n13:45 hs. Categor\u00eda 5\u00aa<\/p>\n<p><em><strong>Lunes 21 de agosto<\/strong><\/em><br \/>\n<strong>Palometas Vs. Talleres <\/strong><br \/>\n13:00 hs. Categor\u00eda 2015<br \/>\n14:00 hs. Categor\u00eda 2014<br \/>\n15:00 hs. Categor\u00eda 2013<br \/>\n16:00 hs. Categor\u00eda 2012<\/p>\n<p><strong>Palometas Vs. Pabell\u00f3n Argentino<\/strong><br \/>\n10:00 hs Categor\u00eda 2011<br \/>\n11:15 hs Categor\u00eda 2010<br \/>\n12:30 hs Categor\u00eda 2009<br \/>\n13:45 hs Categor\u00eda 2008<br \/>\n15:00 hs. Categor\u00eda 5\u00aa<\/p>\n<p><strong>Uni\u00f3n &#8211; Juventud<\/strong><br \/>\n13:00 hs. Categor\u00eda 2015<br \/>\n14:00 hs. Categor\u00eda 2014<br \/>\n15:00 hs. Categor\u00eda 2013<br \/>\n16:00 hs. Categor\u00eda 2012<\/p>\n<p>10:15 hs Categor\u00eda 2011<br \/>\n11:30 hs Categor\u00eda 2010<br \/>\n12:45 hs Categor\u00eda 2009<br \/>\n14:00 hs Categor\u00eda 2008<br \/>\n15:15 hs. Categor\u00eda 5\u00aa<\/p>\n<p><strong>V\u00e9lez &#8211; Defensores<\/strong><br \/>\n13:00 hs. Categor\u00eda 2015<br \/>\n14:00 hs. Categor\u00eda 2014<br \/>\n15:00 hs. Categor\u00eda 2013<br \/>\n16:00 hs. Categor\u00eda 2012<\/p>\n<p>10:15 hs Categor\u00eda 2011<br \/>\n11:30 hs Categor\u00eda 2010<br \/>\n12:45 hs Categor\u00eda 2009<br \/>\n14:00 hs Categor\u00eda 2008<br \/>\n15:15 hs. Categor\u00eda 5\u00aa<\/p>\n<p><strong>Holanda &#8211; El Front\u00f3n<\/strong><br \/>\n13:00 hs. Categor\u00eda 2013<br \/>\n14:00 hs. Categor\u00eda 2012<\/p>\n<p>12:00 hs. Categor\u00eda 2010<br \/>\n13:15 hs. Categor\u00eda 2008<br \/>\n14:30 hs. Categor\u00eda 5\u00aa<\/p>\n<p><strong>Estudiantes &#8211; Trocha<\/strong><br \/>\n13:00 hs. Categor\u00eda 2015<br \/>\n14:00 hs. Categor\u00eda 2014<br \/>\n15:00 hs. Categor\u00eda 2013<br \/>\n16:00 hs. Categor\u00eda 2012<\/p>\n<p>12:00 hs Categor\u00eda 2011<br \/>\n13:15 hs Categor\u00eda 2010<br \/>\n14:30 hs Categor\u00eda 2008<br \/>\n15:45 hs. Categor\u00eda 5\u00aa<\/p>\n<p><strong>Quilmes &#8211; Mercedes<\/strong><br \/>\n13:00 hs. Categor\u00eda 2015<br \/>\n14:00 hs. Categor\u00eda 2014<br \/>\n15:00 hs. Categor\u00eda 2013<br \/>\n16:00 hs. Categor\u00eda 2012<\/p>\n<p>10:15 hs Categor\u00eda 2011<br \/>\n11:30 hs Categor\u00eda 2010<br \/>\n12:45 hs Categor\u00eda 2009<br \/>\n14:00 hs Categor\u00eda 2008<br \/>\n15:15 hs. Categor\u00eda 5\u00aa<\/p>\n<p><strong>Ateneo &#8211; Gowland <\/strong><br \/>\n13:30 hs. Categor\u00eda 2014<br \/>\n14:30 hs. Categor\u00eda 2013<br \/>\n15:30 hs. Categor\u00eda 2012<\/p>\n<p>12:00 hs. Categor\u00eda 2010<\/p>\n<p><strong>Ateneo &#8211; El Tim\u00f3n<\/strong><br \/>\n13:15 hs Categor\u00eda 2009<br \/>\n14:30 hs Categor\u00eda 2008<br \/>\n15:45 hs. Categor\u00eda 5\u00aa<\/p>\n<p><strong>FEMENINO PRIMERA DIVISION<\/strong><\/p>\n<p><em><strong>S\u00e1bado 19 de agosto, cancha V\u00e9lez<\/strong><\/em><br \/>\n14:00 hs. V\u00e9lez Vs. Flandria<\/p>\n<p><em><strong>S\u00e1bado 19 de agosto, cancha Defensores<\/strong><\/em><br \/>\n15:00 hs. AMEFIP Vs. Atl\u00e9tico Marcos Paz<\/p>\n<p><em><strong>S\u00e1bado 19 de agosto, cancha La Tijera<\/strong><\/em><br \/>\n15:30 hs. La Tijera Vs. Palometas <span style=\"color: #ff0000;\">-SUSPENDIDO a reprogramar-<\/span><\/p>\n<p><em><strong>S\u00e1bado 19 de agosto, cancha Carteros<\/strong><\/em><br \/>\n16:30 hs. Los Carteros Vs. Defensores<\/p>\n<p><em><strong>S\u00e1bado 19 de agosto, cancha Uni\u00f3n<\/strong><\/em><br \/>\n17:00 hs. Uni\u00f3n Vs. Pabell\u00f3n Argentino<\/p>\n<p><em><strong>S\u00e1bado 19 de agosto, cancha Mercedes<\/strong><\/em><br \/>\n17:00 hs. Mercedes Vs. El Tim\u00f3n<\/p>\n<p><em><strong>S\u00e1bado 19 de agosto, cancha Trocha<\/strong><\/em><br \/>\n18:00 hs. Trocha Vs. Deportivo Gowland<\/p>\n<p><em><strong>Lunes 21 de agosto, cancha Deportivo Gowland<\/strong><\/em><br \/>\n14:00 hs. Deportivo Gowland Vs. Los Carteros<\/p>\n<p><em><strong>Lunes 21 de agosto, cancha Pabell\u00f3n Argentino<\/strong><\/em><br \/>\n14:00 hs. Pabell\u00f3n Argentino Vs. AMEFIP<\/p>\n<p><em><strong>Lunes 21 de agosto, cancha Flandria<\/strong><\/em><br \/>\n20:00 hs. Flandria Vs. Mercedes<\/p>\n<p><em><strong>Lunes 21 de agosto, cancha Defensores<\/strong><\/em><br \/>\n15:00 hs. Defensores Vs. Uni\u00f3n<\/p>\n<p><em><strong>Lunes 21 de agosto, cancha Atl\u00e9tico Marcos Paz<\/strong><\/em><br \/>\n16:00 hs. Atl\u00e9tico Marcos Paz Vs. La Tijera <strong><span style=\"color: #ff0000;\">-SUSPENDIDO-<\/span><\/strong><\/p>\n<p><em><strong>Lunes 21 de agosto, cancha El Front\u00f3n<\/strong><\/em><br \/>\n17:00 hs. El Front\u00f3n Vs. Trocha<\/p>\n<p><em><strong>Lunes 21 de agosto, cancha Palometas<\/strong><\/em><br \/>\n17:00 hs. Palometas Vs. V\u00e9lez<\/p>\n<p><strong>FEMENINO INFERIORES<\/strong><\/p>\n<p><em><strong>Lunes 21 de Agosto, cancha Carteros (30 y49)<\/strong><\/em><br \/>\n10:15 hs. \u2013SUB 12- Holanda Vs. Trocha<br \/>\n11:30 hs. \u2013SUB 12- Mercedes Vs. Defensores<br \/>\n12:45 hs. \u2013SUB 14- Carteros Vs. Estudiantes<br \/>\n14:00 hs. \u2013SUB 16- Mercedes Vs. Defensores<br \/>\n15:15 hs. \u2013SUB 16- Estudiantes Vs. Flandria Amarillo<\/p>\n<p><em><strong>Lunes 21 de Agosto, cancha EL Front\u00f3n<\/strong><\/em><br \/>\n14:30 hs. \u2013SUB 12- Fronton Vs. Palometas<br \/>\n16:00 hs. \u2013SUB 16- Fronton Vs. Trocha<\/p>\n<p><em><strong>Lunes 21 de Agosto, cancha Palometas<\/strong><\/em><br \/>\n11:45 hs. \u2013SUB 14- Palometas Vs. Trocha<\/p>\n<p>Partidos Sub 12 correspondientes a Jornada 13<br \/>\nPartidos Sub 14 correspondientes a Jornada 12<br \/>\nPartidos Sub 16 correspondientes a Jornada 13<\/p>\n","protected":false},"excerpt":{"rendered":"<p>PROGRAMACION SABADO 19, DOMINGO 20 Y LUNES 21 DE AGOSTO PRIMERA DIVISION S\u00e1bado 19 de agosto, cancha Liga Mercedina 13:30 hs. Defensores Vs. Mercedes 15:30 hs. AMEFIP Vs. Ateneo 17:30 hs. Los Carteros Vs. Pabell\u00f3n Argentino 19:30 hs. Talleres Vs. Deportivo Gowland S\u00e1bado 19 de agosto, cancha V\u00e9lez Sarsfield 16:00 hs. V\u00e9lez Sarsfield Vs. Juventud S\u00e1bado 19 de agosto, cancha<\/p>\n","protected":false},"author":2,"featured_media":0,"comment_status":"open","ping_status":"open","sticky":false,"template":"","format":"standard","meta":{"footnotes":""},"categories":[4],"tags":[],"class_list":["post-30879","post","type-post","status-publish","format-standard","hentry","category-informaciongeneral"],"_links":{"self":[{"href":"https:\/\/ligamercedina.com\/web\/wp-json\/wp\/v2\/posts\/30879","targetHints":{"allow":["GET"]}}],"collection":[{"href":"https:\/\/ligamercedina.com\/web\/wp-json\/wp\/v2\/posts"}],"about":[{"href":"https:\/\/ligamercedina.com\/web\/wp-json\/wp\/v2\/types\/post"}],"author":[{"embeddable":true,"href":"https:\/\/ligamercedina.com\/web\/wp-json\/wp\/v2\/users\/2"}],"replies":[{"embeddable":true,"href":"https:\/\/ligamercedina.com\/web\/wp-json\/wp\/v2\/comments?post=30879"}],"version-history":[{"count":14,"href":"https:\/\/ligamercedina.com\/web\/wp-json\/wp\/v2\/posts\/30879\/revisions"}],"predecessor-version":[{"id":30914,"href":"https:\/\/ligamercedina.com\/web\/wp-json\/wp\/v2\/posts\/30879\/revisions\/30914"}],"wp:attachment":[{"href":"https:\/\/ligamercedina.com\/web\/wp-json\/wp\/v2\/media?parent=30879"}],"wp:term":[{"taxonomy":"category","embeddable":true,"href":"https:\/\/ligamercedina.com\/web\/wp-json\/wp\/v2\/categories?post=30879"},{"taxonomy":"post_tag","embeddable":true,"href":"https:\/\/ligamercedina.com\/web\/wp-json\/wp\/v2\/tags?post=30879"}],"curies":[{"name":"wp","href":"https:\/\/api.w.org\/{rel}","templated":true}]}}