{"id":307,"date":"2007-12-07T13:25:26","date_gmt":"2007-12-07T16:25:26","guid":{"rendered":"https:\/\/ligamercedina.com\/?p=307"},"modified":"2007-12-07T13:25:26","modified_gmt":"2007-12-07T16:25:26","slug":"antes-de-fin-de-ano-habria-elecciones-de-autoridades-en-la-liga","status":"publish","type":"post","link":"https:\/\/ligamercedina.com\/web\/antes-de-fin-de-ano-habria-elecciones-de-autoridades-en-la-liga\/","title":{"rendered":"ANTES DE FIN DE A\u00d1O HABR\u00cdA ELECCIONES DE AUTORIDADES EN LA LIGA"},"content":{"rendered":"<p><strong>En los pr\u00f3mimos d\u00edas podr\u00eda quedar definida la fecha en la cual se realizar\u00e1 la Asamblea para elegir a las nuevas autoridades de la Liga Mercedina.<br \/>\nLos actuales dirigentes, con su Presidente Armando Ponce, ultiman los detalles para concretar el correspondiente llamado. El mismo se producir\u00eda a fines de la semana pr\u00f3xima.<\/p>\n<p>En tal sentido, todos los clubes afiliados a la instituci\u00f3n madre del f\u00fatbol local deber\u00e1n concurrir a la sede de la Liga para proponer candidatos y elegir a las nuevas autoridades.<br \/>\nDesde la Liga, confirmaron que solo estar\u00e1n en condiciones de votar aquellas instituciones que se encuentren al d\u00eda en el orden econ\u00f3mico.<\/strong><\/p>\n","protected":false},"excerpt":{"rendered":"<p>En los pr\u00f3mimos d\u00edas podr\u00eda quedar definida la fecha en la cual se realizar\u00e1 la Asamblea para elegir a las nuevas autoridades de la Liga Mercedina. Los actuales dirigentes, con su Presidente Armando Ponce, ultiman los detalles para concretar el correspondiente llamado. El mismo se producir\u00eda a fines de la semana pr\u00f3xima. En tal sentido, todos los clubes afiliados a<\/p>\n","protected":false},"author":1,"featured_media":0,"comment_status":"open","ping_status":"open","sticky":false,"template":"","format":"standard","meta":{"footnotes":""},"categories":[4],"tags":[],"class_list":["post-307","post","type-post","status-publish","format-standard","hentry","category-informaciongeneral"],"_links":{"self":[{"href":"https:\/\/ligamercedina.com\/web\/wp-json\/wp\/v2\/posts\/307","targetHints":{"allow":["GET"]}}],"collection":[{"href":"https:\/\/ligamercedina.com\/web\/wp-json\/wp\/v2\/posts"}],"about":[{"href":"https:\/\/ligamercedina.com\/web\/wp-json\/wp\/v2\/types\/post"}],"author":[{"embeddable":true,"href":"https:\/\/ligamercedina.com\/web\/wp-json\/wp\/v2\/users\/1"}],"replies":[{"embeddable":true,"href":"https:\/\/ligamercedina.com\/web\/wp-json\/wp\/v2\/comments?post=307"}],"version-history":[{"count":0,"href":"https:\/\/ligamercedina.com\/web\/wp-json\/wp\/v2\/posts\/307\/revisions"}],"wp:attachment":[{"href":"https:\/\/ligamercedina.com\/web\/wp-json\/wp\/v2\/media?parent=307"}],"wp:term":[{"taxonomy":"category","embeddable":true,"href":"https:\/\/ligamercedina.com\/web\/wp-json\/wp\/v2\/categories?post=307"},{"taxonomy":"post_tag","embeddable":true,"href":"https:\/\/ligamercedina.com\/web\/wp-json\/wp\/v2\/tags?post=307"}],"curies":[{"name":"wp","href":"https:\/\/api.w.org\/{rel}","templated":true}]}}