{"id":28586,"date":"2022-05-25T18:39:58","date_gmt":"2022-05-25T21:39:58","guid":{"rendered":"https:\/\/ligamercedina.com\/web\/?p=28586"},"modified":"2022-05-26T13:50:29","modified_gmt":"2022-05-26T16:50:29","slug":"primera-segunda-reserva-horarios-para-el-fin-de-semana","status":"publish","type":"post","link":"https:\/\/ligamercedina.com\/web\/primera-segunda-reserva-horarios-para-el-fin-de-semana\/","title":{"rendered":"PRIMERA &#8211; SEGUNDA &#8211; RESERVA: HORARIOS PARA EL FIN DE SEMANA"},"content":{"rendered":"<p style=\"text-align: center;\"><strong><span style=\"color: #ff0000;\">PRIMERA &#8211; SEGUNDA<\/span><\/strong><\/p>\n<p><span style=\"color: #0000ff;\"><em><strong>S\u00e1bado 28 de mayo, cancha Liga Mercedina<\/strong><\/em><\/span><br \/>\n13:00 hs. Holanda Vs. Deportivo Gowland<br \/>\n15:00 hs. Palometas Vs. Quilmes<br \/>\n17:00 hs. Pistacho FC Vs. Ateneo<br \/>\n19:00 hs. Uni\u00f3n Vs. Mercedes<\/p>\n<p><span style=\"color: #0000ff;\"><em><strong>S\u00e1bado 28 de mayo, cancha El Front\u00f3n<\/strong><\/em><\/span><br \/>\n18:00 hs. Estudiantes Vs. El Front\u00f3n<\/p>\n<p><span style=\"color: #0000ff;\"><em><strong>S\u00e1bado 28 de mayo, cancha V\u00e9lez<\/strong><\/em><\/span><br \/>\n13:00 hs. AMEFIP Vs. El Tim\u00f3n<br \/>\n15:00 hs. Defensores Vs. Atl. Marcos Paz<\/p>\n<p><span style=\"color: #0000ff;\"><em><strong>Domingo 29 de mayo, cancha V\u00e9lez<\/strong><\/em><\/span><br \/>\n11:00 hs. La Diego Armando Vs. Talleres<br \/>\n13:00 hs. Atletic\u00f3 General Rodr\u00edguez Vs. La Tijera<br \/>\n15:00 hs. V\u00e9lez Sarsfield Vs. Col\u00f3n<\/p>\n<p><span style=\"color: #0000ff;\"><strong><em>Domingo 29 de mayo, cancha Juventud<\/em><\/strong><\/span><br \/>\n15:30 hs. Juventud Vs. Los Carteros<\/p>\n<p><span style=\"color: #0000ff;\"><em><strong>Domingo 29 de mayo, cancha Pabell\u00f3n Argentino<\/strong><\/em><\/span><br \/>\n16:00 hs. Pabell\u00f3n Argentino Vs. Trocha<\/p>\n<p>&nbsp;<\/p>\n<p>&nbsp;<\/p>\n<p style=\"text-align: center;\"><span style=\"color: #ff0000;\"><strong>RESERVA<\/strong><\/span><\/p>\n<p style=\"text-align: left;\"><em><strong><span style=\"color: #0000ff;\">S\u00e1bado 28 de mayo, cancha Ateneo<\/span><\/strong><\/em><br \/>\n13:30 hs. Pistacho Vs. Ateneo<br \/>\n15:30 hs. AMEFIP Vs. El Tim\u00f3n<\/p>\n<p><span style=\"color: #0000ff;\"><em><strong>S\u00e1bado 28 de mayo, cancha Uni\u00f3n<\/strong><\/em><\/span><br \/>\n13:00 hs. La Diego Armando Vs. Talleres<br \/>\n14:45 hs. Uni\u00f3n Vs. Mercedes<\/p>\n<p><span style=\"color: #0000ff;\"><em><strong>S\u00e1bado 28 de mayo, cancha Trocha<\/strong><\/em><\/span><br \/>\n14:00 hs. V\u00e9lez Vs. Col\u00f3n<br \/>\n15:45 hs. Holanda Vs. Deportivo Gowland<\/p>\n<p><span style=\"color: #0000ff;\"><em><strong>S\u00e1bado 28 de mayo, cancha El Front\u00f3n<\/strong><\/em><\/span><br \/>\n16:00 hs. Estudiantes Vs. El Front\u00f3n<\/p>\n<p><span style=\"color: #0000ff;\"><em><strong>S\u00e1bado 28 de mayo, cancha Defensores<\/strong><\/em><\/span><br \/>\n17:30 hs. Defensores Vs. Atl\u00e9tico Marcos Paz<\/p>\n<p><span style=\"color: #0000ff;\"><em><strong>S\u00e1bado 28 de mayo, cancha Palometas<\/strong><\/em><\/span><br \/>\n18:00 hs. Palometas Vs. Quilmes<\/p>\n<p><span style=\"color: #0000ff;\"><em><strong>Domingo 29 de mayo, cancha Juventud<\/strong><\/em><\/span><br \/>\n13:30 hs. Juventud Vs. Los Carteros<\/p>\n<p><span style=\"color: #0000ff;\"><em><strong>Domingo 29 de mayo, cancha Pabell\u00f3n Argentino<\/strong><\/em><\/span><br \/>\n14:00 hs. Pabell\u00f3n Argentino Vs. Trocha<\/p>\n<p><span style=\"color: #0000ff;\"><em><strong>Domingo 29 de mayo, cancha Palometas<\/strong><\/em><\/span><br \/>\n15:30 hs. Atl\u00e9tico General Rodr\u00edguez Vs. La Tijera<\/p>\n","protected":false},"excerpt":{"rendered":"<p>PRIMERA &#8211; SEGUNDA S\u00e1bado 28 de mayo, cancha Liga Mercedina 13:00 hs. Holanda Vs. Deportivo Gowland 15:00 hs. Palometas Vs. Quilmes 17:00 hs. Pistacho FC Vs. Ateneo 19:00 hs. Uni\u00f3n Vs. Mercedes S\u00e1bado 28 de mayo, cancha El Front\u00f3n 18:00 hs. Estudiantes Vs. El Front\u00f3n S\u00e1bado 28 de mayo, cancha V\u00e9lez 13:00 hs. AMEFIP Vs. El Tim\u00f3n 15:00 hs. Defensores<\/p>\n","protected":false},"author":2,"featured_media":0,"comment_status":"open","ping_status":"open","sticky":false,"template":"","format":"standard","meta":{"footnotes":""},"categories":[4],"tags":[],"class_list":["post-28586","post","type-post","status-publish","format-standard","hentry","category-informaciongeneral"],"_links":{"self":[{"href":"https:\/\/ligamercedina.com\/web\/wp-json\/wp\/v2\/posts\/28586","targetHints":{"allow":["GET"]}}],"collection":[{"href":"https:\/\/ligamercedina.com\/web\/wp-json\/wp\/v2\/posts"}],"about":[{"href":"https:\/\/ligamercedina.com\/web\/wp-json\/wp\/v2\/types\/post"}],"author":[{"embeddable":true,"href":"https:\/\/ligamercedina.com\/web\/wp-json\/wp\/v2\/users\/2"}],"replies":[{"embeddable":true,"href":"https:\/\/ligamercedina.com\/web\/wp-json\/wp\/v2\/comments?post=28586"}],"version-history":[{"count":2,"href":"https:\/\/ligamercedina.com\/web\/wp-json\/wp\/v2\/posts\/28586\/revisions"}],"predecessor-version":[{"id":28591,"href":"https:\/\/ligamercedina.com\/web\/wp-json\/wp\/v2\/posts\/28586\/revisions\/28591"}],"wp:attachment":[{"href":"https:\/\/ligamercedina.com\/web\/wp-json\/wp\/v2\/media?parent=28586"}],"wp:term":[{"taxonomy":"category","embeddable":true,"href":"https:\/\/ligamercedina.com\/web\/wp-json\/wp\/v2\/categories?post=28586"},{"taxonomy":"post_tag","embeddable":true,"href":"https:\/\/ligamercedina.com\/web\/wp-json\/wp\/v2\/tags?post=28586"}],"curies":[{"name":"wp","href":"https:\/\/api.w.org\/{rel}","templated":true}]}}