{"id":28518,"date":"2022-05-21T08:10:21","date_gmt":"2022-05-21T11:10:21","guid":{"rendered":"https:\/\/ligamercedina.com\/web\/?p=28518"},"modified":"2022-05-21T08:10:21","modified_gmt":"2022-05-21T11:10:21","slug":"futbol-femenino-horario-de-partido","status":"publish","type":"post","link":"https:\/\/ligamercedina.com\/web\/futbol-femenino-horario-de-partido\/","title":{"rendered":"FUTBOL FEMENINO: HORARIO DE PARTIDO"},"content":{"rendered":"<p><em><strong>S\u00e1bado 21 de mayo, cancha El Front\u00f3n<\/strong><\/em><\/p>\n<p>17:15 hs. El Front\u00f3n Azul Vs. Flandria<\/p>\n<p><em>El resto de los partidos se disputar\u00e1 entre mi\u00e9rcoles y s\u00e1bado pr\u00f3ximo<\/em><\/p>\n","protected":false},"excerpt":{"rendered":"<p>S\u00e1bado 21 de mayo, cancha El Front\u00f3n 17:15 hs. El Front\u00f3n Azul Vs. Flandria El resto de los partidos se disputar\u00e1 entre mi\u00e9rcoles y s\u00e1bado pr\u00f3ximo<\/p>\n","protected":false},"author":2,"featured_media":0,"comment_status":"open","ping_status":"open","sticky":false,"template":"","format":"standard","meta":{"footnotes":""},"categories":[4],"tags":[],"class_list":["post-28518","post","type-post","status-publish","format-standard","hentry","category-informaciongeneral"],"_links":{"self":[{"href":"https:\/\/ligamercedina.com\/web\/wp-json\/wp\/v2\/posts\/28518","targetHints":{"allow":["GET"]}}],"collection":[{"href":"https:\/\/ligamercedina.com\/web\/wp-json\/wp\/v2\/posts"}],"about":[{"href":"https:\/\/ligamercedina.com\/web\/wp-json\/wp\/v2\/types\/post"}],"author":[{"embeddable":true,"href":"https:\/\/ligamercedina.com\/web\/wp-json\/wp\/v2\/users\/2"}],"replies":[{"embeddable":true,"href":"https:\/\/ligamercedina.com\/web\/wp-json\/wp\/v2\/comments?post=28518"}],"version-history":[{"count":1,"href":"https:\/\/ligamercedina.com\/web\/wp-json\/wp\/v2\/posts\/28518\/revisions"}],"predecessor-version":[{"id":28519,"href":"https:\/\/ligamercedina.com\/web\/wp-json\/wp\/v2\/posts\/28518\/revisions\/28519"}],"wp:attachment":[{"href":"https:\/\/ligamercedina.com\/web\/wp-json\/wp\/v2\/media?parent=28518"}],"wp:term":[{"taxonomy":"category","embeddable":true,"href":"https:\/\/ligamercedina.com\/web\/wp-json\/wp\/v2\/categories?post=28518"},{"taxonomy":"post_tag","embeddable":true,"href":"https:\/\/ligamercedina.com\/web\/wp-json\/wp\/v2\/tags?post=28518"}],"curies":[{"name":"wp","href":"https:\/\/api.w.org\/{rel}","templated":true}]}}