{"id":2819,"date":"2009-12-09T22:07:21","date_gmt":"2009-12-10T01:07:21","guid":{"rendered":"https:\/\/ligamercedina.com\/?p=2819"},"modified":"2009-12-09T22:07:21","modified_gmt":"2009-12-10T01:07:21","slug":"tres-ligas-cruzados-y-el-fronton-definen-el-primer-finalista-de-primera","status":"publish","type":"post","link":"https:\/\/ligamercedina.com\/web\/tres-ligas-cruzados-y-el-fronton-definen-el-primer-finalista-de-primera\/","title":{"rendered":"TRES LIGAS: CRUZADOS ES EL PRIMER FINALISTA EN PRIMERA"},"content":{"rendered":"<p><strong>EL FRONTON: -3-;<\/strong> Marcelo Crossetti, Jos\u00e9 Mansilla (2)<br \/>\n<strong>CRUZADOS FC: -4-;<\/strong> Mat\u00edas Silea (2), Gustavo B\u00edsforo (2)<\/p>\n<p>El equipo de Mercedes se consagr\u00f3 como el primer finalista esperando el rival que saldr\u00e1 del partido que protagonizar\u00e1n el viernes, los equipos de San Patricio de San Antonio de Z\u00e1rate y Estrada de Z\u00e1rate.<br \/>\nEn el partido de ida se impuso Estrada por 2 a 0.<\/p>\n","protected":false},"excerpt":{"rendered":"<p>EL FRONTON: -3-; Marcelo Crossetti, Jos\u00e9 Mansilla (2) CRUZADOS FC: -4-; Mat\u00edas Silea (2), Gustavo B\u00edsforo (2) El equipo de Mercedes se consagr\u00f3 como el primer finalista esperando el rival que saldr\u00e1 del partido que protagonizar\u00e1n el viernes, los equipos de San Patricio de San Antonio de Z\u00e1rate y Estrada de Z\u00e1rate. En el partido de ida se impuso Estrada<\/p>\n","protected":false},"author":1,"featured_media":0,"comment_status":"open","ping_status":"open","sticky":false,"template":"","format":"standard","meta":{"footnotes":""},"categories":[4],"tags":[],"class_list":["post-2819","post","type-post","status-publish","format-standard","hentry","category-informaciongeneral"],"_links":{"self":[{"href":"https:\/\/ligamercedina.com\/web\/wp-json\/wp\/v2\/posts\/2819","targetHints":{"allow":["GET"]}}],"collection":[{"href":"https:\/\/ligamercedina.com\/web\/wp-json\/wp\/v2\/posts"}],"about":[{"href":"https:\/\/ligamercedina.com\/web\/wp-json\/wp\/v2\/types\/post"}],"author":[{"embeddable":true,"href":"https:\/\/ligamercedina.com\/web\/wp-json\/wp\/v2\/users\/1"}],"replies":[{"embeddable":true,"href":"https:\/\/ligamercedina.com\/web\/wp-json\/wp\/v2\/comments?post=2819"}],"version-history":[{"count":22,"href":"https:\/\/ligamercedina.com\/web\/wp-json\/wp\/v2\/posts\/2819\/revisions"}],"predecessor-version":[{"id":2841,"href":"https:\/\/ligamercedina.com\/web\/wp-json\/wp\/v2\/posts\/2819\/revisions\/2841"}],"wp:attachment":[{"href":"https:\/\/ligamercedina.com\/web\/wp-json\/wp\/v2\/media?parent=2819"}],"wp:term":[{"taxonomy":"category","embeddable":true,"href":"https:\/\/ligamercedina.com\/web\/wp-json\/wp\/v2\/categories?post=2819"},{"taxonomy":"post_tag","embeddable":true,"href":"https:\/\/ligamercedina.com\/web\/wp-json\/wp\/v2\/tags?post=2819"}],"curies":[{"name":"wp","href":"https:\/\/api.w.org\/{rel}","templated":true}]}}