{"id":2804,"date":"2009-12-08T21:39:13","date_gmt":"2009-12-09T00:39:13","guid":{"rendered":"https:\/\/ligamercedina.com\/?p=2804"},"modified":"2009-12-08T21:39:13","modified_gmt":"2009-12-09T00:39:13","slug":"resultados-infantiles-en-la-jornada-del-martes","status":"publish","type":"post","link":"https:\/\/ligamercedina.com\/web\/resultados-infantiles-en-la-jornada-del-martes\/","title":{"rendered":"RESULTADOS INFANTILES EN LA JORNADA DEL MARTES"},"content":{"rendered":"<p><strong>ATENEO VS. JUVENTUD DE SUIPACHA<\/strong><br \/>\nCategor\u00eda 2000: <strong>0 &#8211; 1<\/strong> (Tom\u00e0s Chirino)<br \/>\nCategor\u00eda 99: <strong>0 &#8211; 0<\/strong><br \/>\nCategor\u00eda 98: <strong>1<\/strong> (Francisco Souto) &#8211; <strong>3<\/strong> (Santiago Flynn, Juli\u00e0n G\u00f2mez y Mart\u00edn Nicolini)<br \/>\nCategor\u00eda 97: <strong>1<\/strong> (Nicol\u00e1s P\u00e9rez) &#8211; <strong>1<\/strong> (Gian Lopolito)<br \/>\nCategor\u00eda 96: <strong>1<\/strong> (Claudio Carrizo) &#8211; <strong>4<\/strong> (Jonathan Fehrenbacher y M\u00e1ximo Ottonelli 3)<br \/>\nCategor\u00eda 92-93: <strong>1<\/strong> (Lucas Cendoya) &#8211; <strong>2<\/strong> (Rodrigo G\u00f2mez y Gabriel Ottonelli)<br \/>\nCategor\u00eda 95: <strong>2<\/strong> (Juan Lacassin y Maximiliano Taretto) &#8211; <strong>5<\/strong> (Mat\u00edas G\u00f3mez, Luis Novoa 3 y Lucas P\u00e9rez Zunino)<br \/>\nCategor\u00eda 94: Postergada<\/p>\n<p><strong>EL FRONTON VS. UNION<\/strong><br \/>\nCategor\u00eda 2000: <strong>4<\/strong> (Nicol\u00e1s Ar\u00e9valo, Joaqu\u00edn Casado y Facundo Traverso 2) &#8211; <strong>1<\/strong> (Emilio Taramasco)<br \/>\nCategor\u00eda 99: <strong>5<\/strong> (Juan Botana 3, Ivo Valli y Santiago Vela) &#8211; <strong>0<\/strong><br \/>\nCategor\u00eda 98: <strong>1<\/strong> (Francisco Machuca)  &#8211; <strong>1<\/strong> (Iv\u00e1n Mercado)<br \/>\nCategor\u00eda 97: <strong>3<\/strong> (Mat\u00edas Gaztelu, Mat\u00edas Vachetti y Agust\u00edn Ghessi)- <strong>0<\/strong><\/p>\n<p><strong>MERCEDES \u00abA\u00bb VS. VELEZ SARSFIELD<\/strong><br \/>\nCategor\u00eda 2000: <strong>2<\/strong> (Iv\u00e1n Montenegro y Manuel Portesi) &#8211; <strong>2<\/strong> (Agust\u00edn Alfonso y Agustin G\u00f3mez)<br \/>\nCategor\u00eda 99: <strong>0 &#8211; 0<\/strong><br \/>\nCategor\u00eda 98: <strong>0 &#8211; 2<\/strong> (Braian Cardozo 2)<\/p>\n<p>Categor\u00edas 97, 96, 95, 94 y 92-93: Postergados<\/p>\n<p><strong>ESTUDIANTES VS. QUILMES<\/strong><br \/>\nCategor\u00eda 2000: <strong>0 &#8211; 2<\/strong> (Mat\u00edas L\u00f3pez y Facundo P\u00e9rez)<br \/>\nCategor\u00eda 99: <strong>0 &#8211; 3<\/strong> (Joaqu\u00edn Dabove y Juli\u00e1n G\u00f3mez 2)<br \/>\nCategor\u00eda 98: <strong>1<\/strong> (Lucas Gallo) &#8211; <strong>1<\/strong> (Joaqu\u00edn Ponti)<br \/>\nCategor\u00eda 97: <strong>1 &#8211; 0<\/strong><br \/>\nCategor\u00eda 92-93: <strong>2<\/strong> (Nicol\u00e1s Ledesma y Agust\u00edn Luna) &#8211; <strong>1<\/strong> (Mat\u00edas Zapico)<br \/>\nCategor\u00eda 95: <strong>2<\/strong> (Ezequiel Avelar y Carlos Dubertti) &#8211; <strong>1<\/strong> (Jorge Godoy)<br \/>\nCategor\u00eda 94: <strong>2<\/strong> (Tom\u00e1s D\u00e9sima y El\u00edas Mangino) &#8211; <strong>1<\/strong> (Andr\u00e9s Far\u00edas)<br \/>\nCategor\u00eda 96: <strong>1 &#8211; 2<\/strong><\/p>\n<p><strong>COMUNICACIONES VS. MERCEDES<\/strong><br \/>\nCategor\u00eda 2000: <strong>1<\/strong> (Mart\u00edn Vega) &#8211; <strong>0<\/strong><br \/>\nCategor\u00eda 99: <strong>0 &#8211; 1<\/strong> (Gast\u00f3n Lucero)<br \/>\nCategor\u00eda 98: <strong>0 &#8211; 4<\/strong> (Juan Arias, Mat\u00edas Chiapuzzo y Manuel San Pedro 2)<br \/>\nCategor\u00eda 97:<br \/>\nCategor\u00eda 96:<br \/>\nCategor\u00eda 95: <strong>1<\/strong> (Alexis G\u00f3mez) &#8211; <strong>7<\/strong> (V\u00edctor Ger\u00e9z, Rodrigo Montenegro, Leonel Pauli 3 y Esteban Rodr\u00edguez 2)<br \/>\nCategor\u00eda 94: <strong>1<\/strong> (Esteban De Madeiro) &#8211; <strong>3<\/strong> (Mat\u00edas Baiardi y Nicol\u00e1s Bertaina 2)<br \/>\nCategor\u00eda 93-92: <strong>1<\/strong> (Mariano Brehinier) &#8211; <strong>4<\/strong> (Mateo Gaynor, Fernando Gonz\u00e1lez, Santiago Puliti y Santiago Selva)<\/p>\n","protected":false},"excerpt":{"rendered":"<p>ATENEO VS. JUVENTUD DE SUIPACHA Categor\u00eda 2000: 0 &#8211; 1 (Tom\u00e0s Chirino) Categor\u00eda 99: 0 &#8211; 0 Categor\u00eda 98: 1 (Francisco Souto) &#8211; 3 (Santiago Flynn, Juli\u00e0n G\u00f2mez y Mart\u00edn Nicolini) Categor\u00eda 97: 1 (Nicol\u00e1s P\u00e9rez) &#8211; 1 (Gian Lopolito) Categor\u00eda 96: 1 (Claudio Carrizo) &#8211; 4 (Jonathan Fehrenbacher y M\u00e1ximo Ottonelli 3) Categor\u00eda 92-93: 1 (Lucas Cendoya) &#8211; 2<\/p>\n","protected":false},"author":1,"featured_media":0,"comment_status":"open","ping_status":"open","sticky":false,"template":"","format":"standard","meta":{"footnotes":""},"categories":[4],"tags":[],"class_list":["post-2804","post","type-post","status-publish","format-standard","hentry","category-informaciongeneral"],"_links":{"self":[{"href":"https:\/\/ligamercedina.com\/web\/wp-json\/wp\/v2\/posts\/2804","targetHints":{"allow":["GET"]}}],"collection":[{"href":"https:\/\/ligamercedina.com\/web\/wp-json\/wp\/v2\/posts"}],"about":[{"href":"https:\/\/ligamercedina.com\/web\/wp-json\/wp\/v2\/types\/post"}],"author":[{"embeddable":true,"href":"https:\/\/ligamercedina.com\/web\/wp-json\/wp\/v2\/users\/1"}],"replies":[{"embeddable":true,"href":"https:\/\/ligamercedina.com\/web\/wp-json\/wp\/v2\/comments?post=2804"}],"version-history":[{"count":13,"href":"https:\/\/ligamercedina.com\/web\/wp-json\/wp\/v2\/posts\/2804\/revisions"}],"predecessor-version":[{"id":2814,"href":"https:\/\/ligamercedina.com\/web\/wp-json\/wp\/v2\/posts\/2804\/revisions\/2814"}],"wp:attachment":[{"href":"https:\/\/ligamercedina.com\/web\/wp-json\/wp\/v2\/media?parent=2804"}],"wp:term":[{"taxonomy":"category","embeddable":true,"href":"https:\/\/ligamercedina.com\/web\/wp-json\/wp\/v2\/categories?post=2804"},{"taxonomy":"post_tag","embeddable":true,"href":"https:\/\/ligamercedina.com\/web\/wp-json\/wp\/v2\/tags?post=2804"}],"curies":[{"name":"wp","href":"https:\/\/api.w.org\/{rel}","templated":true}]}}