{"id":27925,"date":"2022-03-24T13:43:54","date_gmt":"2022-03-24T16:43:54","guid":{"rendered":"https:\/\/ligamercedina.com\/web\/?p=27925"},"modified":"2022-03-24T13:43:54","modified_gmt":"2022-03-24T16:43:54","slug":"futbol-femenino-horarios-de-primera-division-2","status":"publish","type":"post","link":"https:\/\/ligamercedina.com\/web\/futbol-femenino-horarios-de-primera-division-2\/","title":{"rendered":"FUTBOL FEMENINO: HORARIOS DE PRIMERA DIVISION"},"content":{"rendered":"<p><em><strong>S\u00e1bado 26 de marzo, cancha Mercedes<\/strong><\/em><br \/>\n13:00 hs. Defensores Vs. Estudiantes<br \/>\n14:20 hs. Palometas FC Vs. V\u00e9lez Sarsfield<br \/>\n15:40 hs. Trocha Vs. Pabell\u00f3n Argentino<br \/>\n17:00 hs. Mercedes Vs. Los Carteros<\/p>\n<p><em><strong>S\u00e1bado 26 de marzo, cancha Atl\u00e9tico Marcos Paz<\/strong><\/em><br \/>\n14:00 hs. Atl\u00e9tico Marcos Paz Vs. El Tim\u00f3n<\/p>\n<p><em><strong>S\u00e1bado 26 de marzo, cancha El Front\u00f3n<\/strong><\/em><br \/>\n18:00 hs. El Front\u00f3n Azul Vs. El Front\u00f3n Rojo<\/p>\n<p><em><strong>S\u00e1bado 26 de marzo, cancha Flandria<\/strong><\/em><br \/>\n18:00 hs. Flandria Vs. AMEFIP<\/p>\n","protected":false},"excerpt":{"rendered":"<p>S\u00e1bado 26 de marzo, cancha Mercedes 13:00 hs. Defensores Vs. Estudiantes 14:20 hs. Palometas FC Vs. V\u00e9lez Sarsfield 15:40 hs. Trocha Vs. Pabell\u00f3n Argentino 17:00 hs. Mercedes Vs. Los Carteros S\u00e1bado 26 de marzo, cancha Atl\u00e9tico Marcos Paz 14:00 hs. Atl\u00e9tico Marcos Paz Vs. El Tim\u00f3n S\u00e1bado 26 de marzo, cancha El Front\u00f3n 18:00 hs. El Front\u00f3n Azul Vs. El<\/p>\n","protected":false},"author":2,"featured_media":0,"comment_status":"open","ping_status":"open","sticky":false,"template":"","format":"standard","meta":{"footnotes":""},"categories":[4],"tags":[],"class_list":["post-27925","post","type-post","status-publish","format-standard","hentry","category-informaciongeneral"],"_links":{"self":[{"href":"https:\/\/ligamercedina.com\/web\/wp-json\/wp\/v2\/posts\/27925","targetHints":{"allow":["GET"]}}],"collection":[{"href":"https:\/\/ligamercedina.com\/web\/wp-json\/wp\/v2\/posts"}],"about":[{"href":"https:\/\/ligamercedina.com\/web\/wp-json\/wp\/v2\/types\/post"}],"author":[{"embeddable":true,"href":"https:\/\/ligamercedina.com\/web\/wp-json\/wp\/v2\/users\/2"}],"replies":[{"embeddable":true,"href":"https:\/\/ligamercedina.com\/web\/wp-json\/wp\/v2\/comments?post=27925"}],"version-history":[{"count":1,"href":"https:\/\/ligamercedina.com\/web\/wp-json\/wp\/v2\/posts\/27925\/revisions"}],"predecessor-version":[{"id":27926,"href":"https:\/\/ligamercedina.com\/web\/wp-json\/wp\/v2\/posts\/27925\/revisions\/27926"}],"wp:attachment":[{"href":"https:\/\/ligamercedina.com\/web\/wp-json\/wp\/v2\/media?parent=27925"}],"wp:term":[{"taxonomy":"category","embeddable":true,"href":"https:\/\/ligamercedina.com\/web\/wp-json\/wp\/v2\/categories?post=27925"},{"taxonomy":"post_tag","embeddable":true,"href":"https:\/\/ligamercedina.com\/web\/wp-json\/wp\/v2\/tags?post=27925"}],"curies":[{"name":"wp","href":"https:\/\/api.w.org\/{rel}","templated":true}]}}