{"id":27918,"date":"2022-03-23T17:28:11","date_gmt":"2022-03-23T20:28:11","guid":{"rendered":"https:\/\/ligamercedina.com\/web\/?p=27918"},"modified":"2022-03-23T17:28:46","modified_gmt":"2022-03-23T20:28:46","slug":"arrancan-las-semifiinales-de-primera","status":"publish","type":"post","link":"https:\/\/ligamercedina.com\/web\/arrancan-las-semifiinales-de-primera\/","title":{"rendered":"ARRANCAN LAS SEMIFIINALES DE PRIMERA"},"content":{"rendered":"<p><em><strong>Mi\u00e9rcoles 23 de marzo, cancha Liga Mercedina<\/strong><\/em><br \/>\n21 hs. Trocha Vs. Los Carteros<\/p>\n<p>Parcialidad de Trocha ocupar\u00e1 tribuna cabecera sur, con ingreso por calle H\u00e9roes de Malvinas<br \/>\nParcialidad de Los Carteros ocupar\u00e1 tribunas cabecera norte y media lateral noroeste, ingresando por cabecera del mismo sector.<\/p>\n","protected":false},"excerpt":{"rendered":"<p>Mi\u00e9rcoles 23 de marzo, cancha Liga Mercedina 21 hs. Trocha Vs. Los Carteros Parcialidad de Trocha ocupar\u00e1 tribuna cabecera sur, con ingreso por calle H\u00e9roes de Malvinas Parcialidad de Los Carteros ocupar\u00e1 tribunas cabecera norte y media lateral noroeste, ingresando por cabecera del mismo sector.<\/p>\n","protected":false},"author":2,"featured_media":0,"comment_status":"open","ping_status":"open","sticky":false,"template":"","format":"standard","meta":{"footnotes":""},"categories":[4],"tags":[],"class_list":["post-27918","post","type-post","status-publish","format-standard","hentry","category-informaciongeneral"],"_links":{"self":[{"href":"https:\/\/ligamercedina.com\/web\/wp-json\/wp\/v2\/posts\/27918","targetHints":{"allow":["GET"]}}],"collection":[{"href":"https:\/\/ligamercedina.com\/web\/wp-json\/wp\/v2\/posts"}],"about":[{"href":"https:\/\/ligamercedina.com\/web\/wp-json\/wp\/v2\/types\/post"}],"author":[{"embeddable":true,"href":"https:\/\/ligamercedina.com\/web\/wp-json\/wp\/v2\/users\/2"}],"replies":[{"embeddable":true,"href":"https:\/\/ligamercedina.com\/web\/wp-json\/wp\/v2\/comments?post=27918"}],"version-history":[{"count":2,"href":"https:\/\/ligamercedina.com\/web\/wp-json\/wp\/v2\/posts\/27918\/revisions"}],"predecessor-version":[{"id":27920,"href":"https:\/\/ligamercedina.com\/web\/wp-json\/wp\/v2\/posts\/27918\/revisions\/27920"}],"wp:attachment":[{"href":"https:\/\/ligamercedina.com\/web\/wp-json\/wp\/v2\/media?parent=27918"}],"wp:term":[{"taxonomy":"category","embeddable":true,"href":"https:\/\/ligamercedina.com\/web\/wp-json\/wp\/v2\/categories?post=27918"},{"taxonomy":"post_tag","embeddable":true,"href":"https:\/\/ligamercedina.com\/web\/wp-json\/wp\/v2\/tags?post=27918"}],"curies":[{"name":"wp","href":"https:\/\/api.w.org\/{rel}","templated":true}]}}