{"id":27908,"date":"2022-03-22T14:36:02","date_gmt":"2022-03-22T17:36:02","guid":{"rendered":"https:\/\/ligamercedina.com\/web\/?p=27908"},"modified":"2022-03-23T10:33:40","modified_gmt":"2022-03-23T13:33:40","slug":"jugadores-inhabilitados-16","status":"publish","type":"post","link":"https:\/\/ligamercedina.com\/web\/jugadores-inhabilitados-16\/","title":{"rendered":"JUGADORES INHABILITADOS"},"content":{"rendered":"<p>De acuerdo a los partidos jugados entre s\u00e1bado y domingo, y de cara a los pr\u00f3ximos partidos, de entre semana, surge que los siguientes jugadores y\/o integrantes de cuerpos t\u00e9cnicos se encuentran suspendidos provisionalmente:<\/p>\n<p>Flaherty, Agust\u00edn (Ateneo)<br \/>\nGrenill\u00f3n, Jorge (Ateneo)<br \/>\nGonz\u00e1lez, Bladimir (Juventud)<br \/>\nBoqu\u00edn, Jorge (Juventud)<br \/>\nRomero, Facundo (Trocha)<br \/>\nReal, Ariel (Los Carteros)<br \/>\nSerrano, Elio (Los Carteros)<br \/>\nPaulerena, Bernardo (Pabell\u00f3n Argentino)<\/p>\n","protected":false},"excerpt":{"rendered":"<p>De acuerdo a los partidos jugados entre s\u00e1bado y domingo, y de cara a los pr\u00f3ximos partidos, de entre semana, surge que los siguientes jugadores y\/o integrantes de cuerpos t\u00e9cnicos se encuentran suspendidos provisionalmente: Flaherty, Agust\u00edn (Ateneo) Grenill\u00f3n, Jorge (Ateneo) Gonz\u00e1lez, Bladimir (Juventud) Boqu\u00edn, Jorge (Juventud) Romero, Facundo (Trocha) Real, Ariel (Los Carteros) Serrano, Elio (Los Carteros) Paulerena, Bernardo (Pabell\u00f3n<\/p>\n","protected":false},"author":2,"featured_media":0,"comment_status":"open","ping_status":"open","sticky":false,"template":"","format":"standard","meta":{"footnotes":""},"categories":[4],"tags":[],"class_list":["post-27908","post","type-post","status-publish","format-standard","hentry","category-informaciongeneral"],"_links":{"self":[{"href":"https:\/\/ligamercedina.com\/web\/wp-json\/wp\/v2\/posts\/27908","targetHints":{"allow":["GET"]}}],"collection":[{"href":"https:\/\/ligamercedina.com\/web\/wp-json\/wp\/v2\/posts"}],"about":[{"href":"https:\/\/ligamercedina.com\/web\/wp-json\/wp\/v2\/types\/post"}],"author":[{"embeddable":true,"href":"https:\/\/ligamercedina.com\/web\/wp-json\/wp\/v2\/users\/2"}],"replies":[{"embeddable":true,"href":"https:\/\/ligamercedina.com\/web\/wp-json\/wp\/v2\/comments?post=27908"}],"version-history":[{"count":3,"href":"https:\/\/ligamercedina.com\/web\/wp-json\/wp\/v2\/posts\/27908\/revisions"}],"predecessor-version":[{"id":27917,"href":"https:\/\/ligamercedina.com\/web\/wp-json\/wp\/v2\/posts\/27908\/revisions\/27917"}],"wp:attachment":[{"href":"https:\/\/ligamercedina.com\/web\/wp-json\/wp\/v2\/media?parent=27908"}],"wp:term":[{"taxonomy":"category","embeddable":true,"href":"https:\/\/ligamercedina.com\/web\/wp-json\/wp\/v2\/categories?post=27908"},{"taxonomy":"post_tag","embeddable":true,"href":"https:\/\/ligamercedina.com\/web\/wp-json\/wp\/v2\/tags?post=27908"}],"curies":[{"name":"wp","href":"https:\/\/api.w.org\/{rel}","templated":true}]}}