{"id":27808,"date":"2022-03-08T09:29:01","date_gmt":"2022-03-08T12:29:01","guid":{"rendered":"https:\/\/ligamercedina.com\/web\/?p=27808"},"modified":"2022-03-08T09:29:01","modified_gmt":"2022-03-08T12:29:01","slug":"inhabilitados-2","status":"publish","type":"post","link":"https:\/\/ligamercedina.com\/web\/inhabilitados-2\/","title":{"rendered":"INHABILITADOS"},"content":{"rendered":"<p>De cara a la pr\u00f3xima jornada de partidos por la Ronda Campeonato y disputados partidos durante el \u00faltima fin de semana quedan inhabiitados provisionamente para jugar este d\u00eda mi\u00e9rcoles.<\/p>\n<p>PERRUISET, JOSE (Juventud)<br \/>\nMARTINEZ, LAUTARO (Quilmes)<br \/>\nRAMIREZ, AGUSTIN (AMEFIP)<br \/>\nMOYANO, JOAQU\u00cdN (Juventud)<br \/>\nPEREZ, NICOLAS (Quilmes)<br \/>\nROBIN, JUAN (Quilmes)<br \/>\nADAMI, LAUTARO (Trocha)<br \/>\nCULICIGNO, MANUEL (Quilmes)<\/p>\n<p>* La presente lista incluye a jugadores expulados, informados y\/o que hubieran llegado a la 5a amonestaci\u00f3n.<br \/>\n* Se agrega que jugadores que pudieran haber sido informados, expulsados y\/o informados de los equipos que disputar\u00e1n la ronda de Nivelaci\u00f3n saldr\u00e1n en el fallo semanal del Tribunal de Disciplina.-<\/p>\n","protected":false},"excerpt":{"rendered":"<p>De cara a la pr\u00f3xima jornada de partidos por la Ronda Campeonato y disputados partidos durante el \u00faltima fin de semana quedan inhabiitados provisionamente para jugar este d\u00eda mi\u00e9rcoles. PERRUISET, JOSE (Juventud) MARTINEZ, LAUTARO (Quilmes) RAMIREZ, AGUSTIN (AMEFIP) MOYANO, JOAQU\u00cdN (Juventud) PEREZ, NICOLAS (Quilmes) ROBIN, JUAN (Quilmes) ADAMI, LAUTARO (Trocha) CULICIGNO, MANUEL (Quilmes) * La presente lista incluye a jugadores<\/p>\n","protected":false},"author":2,"featured_media":0,"comment_status":"open","ping_status":"open","sticky":false,"template":"","format":"standard","meta":{"footnotes":""},"categories":[4],"tags":[],"class_list":["post-27808","post","type-post","status-publish","format-standard","hentry","category-informaciongeneral"],"_links":{"self":[{"href":"https:\/\/ligamercedina.com\/web\/wp-json\/wp\/v2\/posts\/27808","targetHints":{"allow":["GET"]}}],"collection":[{"href":"https:\/\/ligamercedina.com\/web\/wp-json\/wp\/v2\/posts"}],"about":[{"href":"https:\/\/ligamercedina.com\/web\/wp-json\/wp\/v2\/types\/post"}],"author":[{"embeddable":true,"href":"https:\/\/ligamercedina.com\/web\/wp-json\/wp\/v2\/users\/2"}],"replies":[{"embeddable":true,"href":"https:\/\/ligamercedina.com\/web\/wp-json\/wp\/v2\/comments?post=27808"}],"version-history":[{"count":1,"href":"https:\/\/ligamercedina.com\/web\/wp-json\/wp\/v2\/posts\/27808\/revisions"}],"predecessor-version":[{"id":27809,"href":"https:\/\/ligamercedina.com\/web\/wp-json\/wp\/v2\/posts\/27808\/revisions\/27809"}],"wp:attachment":[{"href":"https:\/\/ligamercedina.com\/web\/wp-json\/wp\/v2\/media?parent=27808"}],"wp:term":[{"taxonomy":"category","embeddable":true,"href":"https:\/\/ligamercedina.com\/web\/wp-json\/wp\/v2\/categories?post=27808"},{"taxonomy":"post_tag","embeddable":true,"href":"https:\/\/ligamercedina.com\/web\/wp-json\/wp\/v2\/tags?post=27808"}],"curies":[{"name":"wp","href":"https:\/\/api.w.org\/{rel}","templated":true}]}}