{"id":27804,"date":"2022-03-08T08:54:12","date_gmt":"2022-03-08T11:54:12","guid":{"rendered":"https:\/\/ligamercedina.com\/web\/?p=27804"},"modified":"2022-03-08T08:54:12","modified_gmt":"2022-03-08T11:54:12","slug":"protesta-y-partidos-postergados","status":"publish","type":"post","link":"https:\/\/ligamercedina.com\/web\/protesta-y-partidos-postergados\/","title":{"rendered":"PROTESTA Y PARTIDOS POSTERGADOS"},"content":{"rendered":"<p>Se informa que en la noche del lunes el Club Defensores Juniors realiz\u00f3 la presentaci\u00f3n de una protesta de partido con respecto al juego realizado el \u00faltimo s\u00e1bado en cancha de la Liga Mercedina.<br \/>\nDicha presentaci\u00f3n ha sido puesta en conocimiento al Tribunal de Disiciplina, que a partir de hoy martes comenzar\u00e1 a darle tratamiento.<\/p>\n<p>Teniendo en cuenta que la protesta -de tener respuesta favorable- podr\u00eda modificar la tabla de clasificaci\u00f3n final en lo que hace a puestos para definir zona de Nivelaci\u00f3n, el Consejo Directivo RESUELVE:<\/p>\n<p>1) SUSPENDER los encuentros: La Tijera &#8211; Defensores, Talleres &#8211; Palometas, La Diego &#8211; Holanda y Ateneo &#8211; Deportivo Gowland.<\/p>\n<p>2) HABILITAR la continuidad de los partidos correspondientes a la Ronda Campeonato.<\/p>\n<p><strong>RONDA CAMPEONATO<\/strong><br \/>\n<em><strong>Mi\u00e9rcoles 9 de marzo, cancha Liga Mercedina<\/strong><\/em><br \/>\n21:15 hs. AMEFIP Vs. V\u00e9lez Sarsfield<\/p>\n<p><em><strong>Mi\u00e9rcoles 9 de marzo, cancha El Front\u00f3n<\/strong><\/em><br \/>\n21:00 hs. El Front\u00f3n Vs. Trocha<\/p>\n<p><em><strong>Mi\u00e9rcoles 9 de marzo, cancha Pabell\u00f3n Argentino<\/strong><\/em><br \/>\n21:10 hs. Pabell\u00f3n Argentino Vs. Uni\u00f3n<\/p>\n<p><em><strong>Mi\u00e9rcoles 9 de marzo, cancha Juventud<\/strong><\/em><br \/>\n21:15 hs. Juventud Vs. Quilmes<\/p>\n","protected":false},"excerpt":{"rendered":"<p>Se informa que en la noche del lunes el Club Defensores Juniors realiz\u00f3 la presentaci\u00f3n de una protesta de partido con respecto al juego realizado el \u00faltimo s\u00e1bado en cancha de la Liga Mercedina. Dicha presentaci\u00f3n ha sido puesta en conocimiento al Tribunal de Disiciplina, que a partir de hoy martes comenzar\u00e1 a darle tratamiento. Teniendo en cuenta que la<\/p>\n","protected":false},"author":2,"featured_media":0,"comment_status":"open","ping_status":"open","sticky":false,"template":"","format":"standard","meta":{"footnotes":""},"categories":[4],"tags":[],"class_list":["post-27804","post","type-post","status-publish","format-standard","hentry","category-informaciongeneral"],"_links":{"self":[{"href":"https:\/\/ligamercedina.com\/web\/wp-json\/wp\/v2\/posts\/27804","targetHints":{"allow":["GET"]}}],"collection":[{"href":"https:\/\/ligamercedina.com\/web\/wp-json\/wp\/v2\/posts"}],"about":[{"href":"https:\/\/ligamercedina.com\/web\/wp-json\/wp\/v2\/types\/post"}],"author":[{"embeddable":true,"href":"https:\/\/ligamercedina.com\/web\/wp-json\/wp\/v2\/users\/2"}],"replies":[{"embeddable":true,"href":"https:\/\/ligamercedina.com\/web\/wp-json\/wp\/v2\/comments?post=27804"}],"version-history":[{"count":1,"href":"https:\/\/ligamercedina.com\/web\/wp-json\/wp\/v2\/posts\/27804\/revisions"}],"predecessor-version":[{"id":27805,"href":"https:\/\/ligamercedina.com\/web\/wp-json\/wp\/v2\/posts\/27804\/revisions\/27805"}],"wp:attachment":[{"href":"https:\/\/ligamercedina.com\/web\/wp-json\/wp\/v2\/media?parent=27804"}],"wp:term":[{"taxonomy":"category","embeddable":true,"href":"https:\/\/ligamercedina.com\/web\/wp-json\/wp\/v2\/categories?post=27804"},{"taxonomy":"post_tag","embeddable":true,"href":"https:\/\/ligamercedina.com\/web\/wp-json\/wp\/v2\/tags?post=27804"}],"curies":[{"name":"wp","href":"https:\/\/api.w.org\/{rel}","templated":true}]}}