{"id":27768,"date":"2022-02-22T09:27:59","date_gmt":"2022-02-22T12:27:59","guid":{"rendered":"https:\/\/ligamercedina.com\/web\/?p=27768"},"modified":"2022-02-22T20:12:12","modified_gmt":"2022-02-22T23:12:12","slug":"horarios-para-el-fin-de-semana-188","status":"publish","type":"post","link":"https:\/\/ligamercedina.com\/web\/horarios-para-el-fin-de-semana-188\/","title":{"rendered":"HORARIOS PARA EL FIN DE SEMANA"},"content":{"rendered":"<ul>\n<strong>PRIMERA DIVISION <\/strong><\/ul>\n<p><em><strong>Viernes 25 de febrero, cancha Col\u00f3n<\/strong><\/em><br \/>\n17:30 hs. Col\u00f3n Vs. Uni\u00f3n<\/p>\n<p><em><strong>Martes 1 de marzo, cancha La Tijera<\/strong><\/em><br \/>\n18:00 hs. La Tijera Vs. Quilmes<\/p>\n<ul>\n<strong>RESERVA<\/strong><\/ul>\n<p><em><strong>S\u00e1bado 26 de febrero, cancha Quilmes<\/strong><\/em><br \/>\n17:00 hs. Deportivo Gowland Vs. Defensores<\/p>\n<p><em><strong>S\u00e1bado 26 de febrero, cancha Trocha<\/strong><\/em><br \/>\n17:00 hs. Trocha Vs. El Tim\u00f3n<\/p>\n<p><em><strong>Martes 1 de marzo, cancha Quilmes<\/strong><\/em><br \/>\n17:00 hs. Talleres Vs. AMEFIP<\/p>\n<p><em><strong>Martes 1 de marzo, cancha La Tijera<\/strong><\/em><br \/>\n16:00 hs. La Tijera Vs. Quilmes<\/p>\n","protected":false},"excerpt":{"rendered":"<p>PRIMERA DIVISION Viernes 25 de febrero, cancha Col\u00f3n 17:30 hs. Col\u00f3n Vs. Uni\u00f3n Martes 1 de marzo, cancha La Tijera 18:00 hs. La Tijera Vs. Quilmes RESERVA S\u00e1bado 26 de febrero, cancha Quilmes 17:00 hs. Deportivo Gowland Vs. Defensores S\u00e1bado 26 de febrero, cancha Trocha 17:00 hs. Trocha Vs. El Tim\u00f3n Martes 1 de marzo, cancha Quilmes 17:00 hs. Talleres<\/p>\n","protected":false},"author":2,"featured_media":0,"comment_status":"open","ping_status":"open","sticky":false,"template":"","format":"standard","meta":{"footnotes":""},"categories":[4],"tags":[],"class_list":["post-27768","post","type-post","status-publish","format-standard","hentry","category-informaciongeneral"],"_links":{"self":[{"href":"https:\/\/ligamercedina.com\/web\/wp-json\/wp\/v2\/posts\/27768","targetHints":{"allow":["GET"]}}],"collection":[{"href":"https:\/\/ligamercedina.com\/web\/wp-json\/wp\/v2\/posts"}],"about":[{"href":"https:\/\/ligamercedina.com\/web\/wp-json\/wp\/v2\/types\/post"}],"author":[{"embeddable":true,"href":"https:\/\/ligamercedina.com\/web\/wp-json\/wp\/v2\/users\/2"}],"replies":[{"embeddable":true,"href":"https:\/\/ligamercedina.com\/web\/wp-json\/wp\/v2\/comments?post=27768"}],"version-history":[{"count":3,"href":"https:\/\/ligamercedina.com\/web\/wp-json\/wp\/v2\/posts\/27768\/revisions"}],"predecessor-version":[{"id":27771,"href":"https:\/\/ligamercedina.com\/web\/wp-json\/wp\/v2\/posts\/27768\/revisions\/27771"}],"wp:attachment":[{"href":"https:\/\/ligamercedina.com\/web\/wp-json\/wp\/v2\/media?parent=27768"}],"wp:term":[{"taxonomy":"category","embeddable":true,"href":"https:\/\/ligamercedina.com\/web\/wp-json\/wp\/v2\/categories?post=27768"},{"taxonomy":"post_tag","embeddable":true,"href":"https:\/\/ligamercedina.com\/web\/wp-json\/wp\/v2\/tags?post=27768"}],"curies":[{"name":"wp","href":"https:\/\/api.w.org\/{rel}","templated":true}]}}