{"id":27753,"date":"2022-02-17T09:07:17","date_gmt":"2022-02-17T12:07:17","guid":{"rendered":"https:\/\/ligamercedina.com\/web\/?p=27753"},"modified":"2022-02-17T09:07:17","modified_gmt":"2022-02-17T12:07:17","slug":"amonestaciones-41","status":"publish","type":"post","link":"https:\/\/ligamercedina.com\/web\/amonestaciones-41\/","title":{"rendered":"AMONESTACIONES"},"content":{"rendered":"<p><strong>JUGADORES CON NUEVE (9) TARJETAS AMARILLAS<\/strong><br \/>\nP\u00e9rez Facundo -AMEFIP<br \/>\nSotelo Facundo -Holanda<br \/>\nTorres Laureano -Uni\u00f3n<br \/>\nDe Los Santos Blas -Los Carteros<\/p>\n<p><strong>JUGADORES CON CUATRO (4) TARJETAS AMARILLAS<\/strong>Fern\u00e1ndez Nahuel\t37051104\tAtl\u00e9tico MP<br \/>\nBecerra Daniel -La Diego<br \/>\nMaldonado Hern\u00e1n -La Diego<br \/>\nCastillo Ruben -La Diego<br \/>\nC\u00f3caro Mat\u00edas -Quilmes<br \/>\nGrosso Federico -El Front\u00f3n<br \/>\nSegovia Tom\u00e1s -Trocha<br \/>\nGarc\u00eda Esteban -Juventud<br \/>\nOlase Marcos -Holanda<br \/>\nZuleta Mart\u00edn -Trocha<br \/>\nUv\u00edz Mat\u00edas -Quilmes<br \/>\nLoretti Luciano -Col\u00f3n<br \/>\nJuanicotena Agust\u00edn -Mercedes<br \/>\nColicigno Manuel -Quilmes<br \/>\nTerren Agust\u00edn -El Front\u00f3n<br \/>\nRomero Luciano -Defensores<br \/>\nDelgado Enzo -Defensores<br \/>\nDell&#8217;Oro Juan -Estudiantes<br \/>\nFlores Braian -Holanda<br \/>\nCaballero Marcos -Atl\u00e9tico MP<br \/>\nZacar\u00edas Gonzalo -Holanda<br \/>\nBay Mat\u00edas -Defensores<br \/>\nOrtega Lucio -El Front\u00f3n<br \/>\nAguirre Germ\u00e1n -La Tijera<br \/>\nGorosito Pablo -La Diego<br \/>\nCamargo Marcos -AMEFIP<br \/>\nLattaro Valent\u00edn -El Tim\u00f3n<br \/>\nRosales Javier -Palometas<br \/>\nAmaya Federico -Los Carteros<br \/>\nBenedetti Diego -Talleres<br \/>\nMedone Gustavo -Ateneo<br \/>\nFlaherty Agust\u00edn -Ateneo<br \/>\nT\u00e1mparo Ezequiel -El Front\u00f3n<br \/>\nDefelipe Julio -V\u00e9lez<br \/>\nAg\u00fcero Juli\u00e1n -Uni\u00f3n<br \/>\nViera Juan -Ateneo<br \/>\nMedina Lucas -Atl\u00e9tico MP<br \/>\nD\u00edaz Pablo -El Front\u00f3n<br \/>\nBertelli Ger\u00f3nimo -La Tijera<br \/>\nPonce Juan -Estudiantes<br \/>\nGonz\u00e1lez Thiago -Gowland<br \/>\nMoyano Joaqu\u00edn -Juventud<br \/>\nFalcone Lucas -AMEFIP<br \/>\nD\u00edaz Brandon -La Tijera<br \/>\nJu\u00e1rez Nasso Luciano -Palometas<br \/>\nRetta Aaron -Gowland<br \/>\nDinardi Federico -El Front\u00f3n<br \/>\nCabrera Lionel -La Diego<br \/>\nMandrini Ezequiel -Holanda<br \/>\nPaj\u00f3n Daniel -Holanda<br \/>\nAlvarez Agustt\u00edn -Talleres<br \/>\nMart\u00ednez Daniel -La Tijera<br \/>\nAtampi Lucas -La Diego<br \/>\nGonz\u00e1lez Mart\u00edn -Col\u00f3n<br \/>\nGhessi Agust\u00edn -El Front\u00f3n<br \/>\nVillone Mariano -Ateneo<br \/>\nMansilla Ruben -Estudiantes<br \/>\nL\u00f3pez Lautaro -Los Carteros<\/p>\n","protected":false},"excerpt":{"rendered":"<p>JUGADORES CON NUEVE (9) TARJETAS AMARILLAS P\u00e9rez Facundo -AMEFIP Sotelo Facundo -Holanda Torres Laureano -Uni\u00f3n De Los Santos Blas -Los Carteros JUGADORES CON CUATRO (4) TARJETAS AMARILLASFern\u00e1ndez Nahuel 37051104 Atl\u00e9tico MP Becerra Daniel -La Diego Maldonado Hern\u00e1n -La Diego Castillo Ruben -La Diego C\u00f3caro Mat\u00edas -Quilmes Grosso Federico -El Front\u00f3n Segovia Tom\u00e1s -Trocha Garc\u00eda Esteban -Juventud Olase Marcos -Holanda Zuleta<\/p>\n","protected":false},"author":2,"featured_media":0,"comment_status":"open","ping_status":"open","sticky":false,"template":"","format":"standard","meta":{"footnotes":""},"categories":[4],"tags":[],"class_list":["post-27753","post","type-post","status-publish","format-standard","hentry","category-informaciongeneral"],"_links":{"self":[{"href":"https:\/\/ligamercedina.com\/web\/wp-json\/wp\/v2\/posts\/27753","targetHints":{"allow":["GET"]}}],"collection":[{"href":"https:\/\/ligamercedina.com\/web\/wp-json\/wp\/v2\/posts"}],"about":[{"href":"https:\/\/ligamercedina.com\/web\/wp-json\/wp\/v2\/types\/post"}],"author":[{"embeddable":true,"href":"https:\/\/ligamercedina.com\/web\/wp-json\/wp\/v2\/users\/2"}],"replies":[{"embeddable":true,"href":"https:\/\/ligamercedina.com\/web\/wp-json\/wp\/v2\/comments?post=27753"}],"version-history":[{"count":1,"href":"https:\/\/ligamercedina.com\/web\/wp-json\/wp\/v2\/posts\/27753\/revisions"}],"predecessor-version":[{"id":27754,"href":"https:\/\/ligamercedina.com\/web\/wp-json\/wp\/v2\/posts\/27753\/revisions\/27754"}],"wp:attachment":[{"href":"https:\/\/ligamercedina.com\/web\/wp-json\/wp\/v2\/media?parent=27753"}],"wp:term":[{"taxonomy":"category","embeddable":true,"href":"https:\/\/ligamercedina.com\/web\/wp-json\/wp\/v2\/categories?post=27753"},{"taxonomy":"post_tag","embeddable":true,"href":"https:\/\/ligamercedina.com\/web\/wp-json\/wp\/v2\/tags?post=27753"}],"curies":[{"name":"wp","href":"https:\/\/api.w.org\/{rel}","templated":true}]}}