{"id":27656,"date":"2022-01-01T13:58:51","date_gmt":"2022-01-01T16:58:51","guid":{"rendered":"https:\/\/ligamercedina.com\/web\/?p=27656"},"modified":"2022-01-01T13:58:51","modified_gmt":"2022-01-01T16:58:51","slug":"amonestaciones-39","status":"publish","type":"post","link":"https:\/\/ligamercedina.com\/web\/amonestaciones-39\/","title":{"rendered":"AMONESTACIONES"},"content":{"rendered":"<blockquote><p><strong>JUGADORES CON CINCO (5) AMARILLAS QUE DEBEN CUMPLIR UNA FECHA DE SUSPENSION<\/strong><\/p><\/blockquote>\n<p>Vivas Agust\u00edn -Estudiantes<br \/>\nGonz\u00e1lez Bladimir -Juventud<br \/>\nLuna Jer\u00f3nimo -Estudiantes<br \/>\nCortes Franco -Atl\u00e9tico MP<br \/>\nBidone Juan Bautista -Mercedes<br \/>\nFerrara Diego -Estudiantes<br \/>\nPaganini Luciano -Gowland<br \/>\nSu\u00e1rez Edgardo -Juventud<br \/>\nMamani Ariel -Defensores<\/p>\n<blockquote><p><strong>JUGADORES CON CUATRO (4) AMARILLAS<\/strong><\/p><\/blockquote>\n<p>Fern\u00e1ndez Nahuel-Atl\u00e9tico MP<br \/>\nBecerra Daniel-La Diego<br \/>\nTiberi Juan-Col\u00f3n<br \/>\nOscar Rodrigo Luis-Talleres<br \/>\nTorres Juan-Los Carteros<br \/>\nMaldonado Hern\u00e1n-La Diego<br \/>\nCarretero Mariano-Quilmes<br \/>\nPizurno Erik-Gowland<br \/>\nLeiva Claudio-Uni\u00f3n<br \/>\nBianco Mateo-Palometas<br \/>\nCastillo Santiago-Col\u00f3n<br \/>\nMontuori Pablo-Trocha<br \/>\nCastillo Ruben-La Diego<br \/>\nC\u00f3caro Mat\u00edas-Quilmes<br \/>\nS\u00e1nchez Mart\u00edn-La Diego<br \/>\nGrosso Federico-El Front\u00f3n<br \/>\nGonz\u00e1lez Felipe-Atl\u00e9tico MP<br \/>\nVizzocero Joaqu\u00edn-El Tim\u00f3n<br \/>\nSegovia Tom\u00e1s-Trocha<br \/>\nGarc\u00eda Esteban-Juventud<br \/>\nOlase Marcos-Holanda<br \/>\nZuleta Mart\u00edn-Trocha<br \/>\nDiaz Lautaro-La Tijera<br \/>\nDematei Felipe-Mercedes<br \/>\nAraujo Alberto-Col\u00f3n<br \/>\nUv\u00edz Mat\u00edas-Quilmes<br \/>\nLoretti Luciano-Col\u00f3n<br \/>\nJuanicotena Agust\u00edn-Mercedes<br \/>\nColicigno Manuel-Quilmes<br \/>\nTerren Agust\u00edn-El Front\u00f3n<br \/>\nRomero Luciano-Defensores<br \/>\nDelgado Enzo-Defensores<br \/>\nAltuna Mart\u00edn-Defensores<br \/>\nNavarro Maximiliano-Gowland<br \/>\nDell&#8217;Oro Juan-Estudiantes<br \/>\nFlores Braian-Holanda<br \/>\nFilipini Leandro-Mercedes<br \/>\nCaballero Marcos-Atl\u00e9tico MP<br \/>\nZacar\u00edas Gonzalo-Holanda<br \/>\nBay Mat\u00edas-Defensores<br \/>\nOrtega Lucio-El Front\u00f3n<br \/>\nTafetani Ignacio-Col\u00f3n<br \/>\nAguirre Germ\u00e1n-La Tijera<br \/>\nGorosito Pablo-La Diego<br \/>\nCamargo Marcos-AMEFIP<br \/>\nLattaro Valent\u00edn-El Tim\u00f3n<br \/>\nRosales Javier-Palometas<br \/>\nAmaya Federico-Los Carteros<br \/>\nSala Sebasti\u00e1n-El Tim\u00f3n<br \/>\nClimi\u00f1o Andr\u00e9s-Holanda<br \/>\nCabrera Bruno-Holanda<br \/>\nBenedetti Diego-Talleres<br \/>\nMedone Gustavo-Ateneo<br \/>\nLucero Germ\u00e1n-Los Carteros<br \/>\nFlaherty Agust\u00edn-Ateneo<br \/>\nT\u00e1mparo Ezequiel-El Front\u00f3n<br \/>\nGallo Lucas-Trocha<br \/>\nL\u00f3pez Luciano-Col\u00f3n<br \/>\nDefelipe Julio-V\u00e9lez<br \/>\nPereyra Mauricio-Defensores<\/p>\n","protected":false},"excerpt":{"rendered":"<p>JUGADORES CON CINCO (5) AMARILLAS QUE DEBEN CUMPLIR UNA FECHA DE SUSPENSION Vivas Agust\u00edn -Estudiantes Gonz\u00e1lez Bladimir -Juventud Luna Jer\u00f3nimo -Estudiantes Cortes Franco -Atl\u00e9tico MP Bidone Juan Bautista -Mercedes Ferrara Diego -Estudiantes Paganini Luciano -Gowland Su\u00e1rez Edgardo -Juventud Mamani Ariel -Defensores JUGADORES CON CUATRO (4) AMARILLAS Fern\u00e1ndez Nahuel-Atl\u00e9tico MP Becerra Daniel-La Diego Tiberi Juan-Col\u00f3n Oscar Rodrigo Luis-Talleres Torres Juan-Los Carteros<\/p>\n","protected":false},"author":2,"featured_media":0,"comment_status":"open","ping_status":"open","sticky":false,"template":"","format":"standard","meta":{"footnotes":""},"categories":[4],"tags":[],"class_list":["post-27656","post","type-post","status-publish","format-standard","hentry","category-informaciongeneral"],"_links":{"self":[{"href":"https:\/\/ligamercedina.com\/web\/wp-json\/wp\/v2\/posts\/27656","targetHints":{"allow":["GET"]}}],"collection":[{"href":"https:\/\/ligamercedina.com\/web\/wp-json\/wp\/v2\/posts"}],"about":[{"href":"https:\/\/ligamercedina.com\/web\/wp-json\/wp\/v2\/types\/post"}],"author":[{"embeddable":true,"href":"https:\/\/ligamercedina.com\/web\/wp-json\/wp\/v2\/users\/2"}],"replies":[{"embeddable":true,"href":"https:\/\/ligamercedina.com\/web\/wp-json\/wp\/v2\/comments?post=27656"}],"version-history":[{"count":1,"href":"https:\/\/ligamercedina.com\/web\/wp-json\/wp\/v2\/posts\/27656\/revisions"}],"predecessor-version":[{"id":27657,"href":"https:\/\/ligamercedina.com\/web\/wp-json\/wp\/v2\/posts\/27656\/revisions\/27657"}],"wp:attachment":[{"href":"https:\/\/ligamercedina.com\/web\/wp-json\/wp\/v2\/media?parent=27656"}],"wp:term":[{"taxonomy":"category","embeddable":true,"href":"https:\/\/ligamercedina.com\/web\/wp-json\/wp\/v2\/categories?post=27656"},{"taxonomy":"post_tag","embeddable":true,"href":"https:\/\/ligamercedina.com\/web\/wp-json\/wp\/v2\/tags?post=27656"}],"curies":[{"name":"wp","href":"https:\/\/api.w.org\/{rel}","templated":true}]}}