{"id":27555,"date":"2021-11-30T21:44:12","date_gmt":"2021-12-01T00:44:12","guid":{"rendered":"https:\/\/ligamercedina.com\/web\/?p=27555"},"modified":"2021-12-05T20:47:47","modified_gmt":"2021-12-05T23:47:47","slug":"primera-reserva-horarios-para-el-fin-de-semana-14","status":"publish","type":"post","link":"https:\/\/ligamercedina.com\/web\/primera-reserva-horarios-para-el-fin-de-semana-14\/","title":{"rendered":"PRIMERA-RESERVA: HORARIOS PARA EL FIN DE SEMANA"},"content":{"rendered":"<ul>\n<strong>PRIMERA DIVISION<\/strong><\/ul>\n<p><em><strong>S\u00e1bado 4 de diciembre, cancha V\u00e9lez<\/strong><\/em><br \/>\n15:15 hs. Uni\u00f3n Vs. Talleres<br \/>\n17:15 hs.  V\u00e9lez Vs. Atl\u00e9tico Marcos Paz<\/p>\n<p><em><strong>Domingo 5 de diciembre, cancha V\u00e9lez<\/strong><\/em><br \/>\n15:15 hs. El Tim\u00f3n Vs. Gowland<br \/>\n17:15 hs.  Trocha Vs. Col\u00f3n<\/p>\n<p><em><strong>Domingo 5 de diciembre, cancha Liga Mercedina<\/strong><\/em><br \/>\n15:15 hs. Estudiantes Vs. El Front\u00f3n<br \/>\n17:15 hs. Defensores Vs. Mercedes<\/p>\n<p><em><strong>Domingo 5 de diciembre, cancha Juventud<\/strong><\/em><br \/>\n17:00 hs. Juventud Vs. Ateneo<\/p>\n<p><em><strong>Mi\u00e9rcoles 8 de diciembre, cancha Liga Mercedina<\/strong><\/em><br \/>\n13:15 hs. Atl\u00e9tico Marcos Paz Vs. Quilmes<br \/>\n15:15 hs. Gowland Vs. Holanda<br \/>\n17:15 hs. AMEFIP Vs. V\u00e9lez<\/p>\n<p><em><strong>Mi\u00e9rcoles 8 de diciembre, cancha Quilmes<\/strong><\/em><br \/>\n15:15 hs. Talleres Vs. El Tim\u00f3n<br \/>\n17:15 hs. La Diego Armando Vs. Juventud <\/p>\n<p><em><strong>Mi\u00e9rcoles 8 de diciembre, cancha Pabell\u00f3n Argentino<\/strong><\/em><br \/>\n19:00 hs. Pabell\u00f3n Argentino Vs. Uni\u00f3n<\/p>\n<p><em><strong>Mi\u00e9rcoles 8 de diciembre, cancha La Tijera<\/strong><\/em><br \/>\n17:00 hs. La Tijera Vs. Los Palometas<\/p>\n<ul>\n<strong>RESERVA<\/strong><\/ul>\n<p><em><strong>S\u00e1bado 4 de diciembre, cancha Estudiantes<\/strong><\/em><br \/>\n13:15 hs. Estudiantes Vs. El Front\u00f3n<\/p>\n<p><em><strong>S\u00e1bado 4 de diciembre, cancha Defensores<\/strong><\/em><br \/>\n15:15 hs. Defensores Vs. Mercedes<\/p>\n<p><em><strong>S\u00e1bado 4 de diciembre, cancha Quilmes<\/strong><\/em>&#8211;<br \/>\n14:00 hs. V\u00e9lez Sarsfield Vs. Atl\u00e9tico Marcos Paz<br \/>\n16:00 hs. Deportivo Gowland Vs. Holanda<\/p>\n<p><em><strong>Domingo 5 diciembre, cancha Trocha<\/strong><\/em><br \/>\n14:45 hs. Trocha Vs. Col\u00f3n<br \/>\n16:30 hs. Talleres Vs. El Tim\u00f3n<\/p>\n<p><em><strong>Domingo 5 diciembre, cancha Juventud<\/strong><\/em><br \/>\n15:00 hs. Juventud Vs. Ateneo<\/p>\n<p><em><strong>Mi\u00e9rcoles 8 de diciembre, cancha Ateneo<\/strong><\/em><br \/>\n13:00 hs. AMEFIP Vs. V\u00e9lez<br \/>\n14:45 hs. La Diego Armando Vs. Juventud<br \/>\n16:30 hs. Atl\u00e9tico Marcos Paz. Vs. Quilmes<\/p>\n<p><em><strong>Mi\u00e9rcoles 8 de diciembre, cancha Pabell\u00f3n Argentino<\/strong><\/em><br \/>\n17:00 hs. Pabell\u00f3n Argentino Vs. Uni\u00f3n<\/p>\n<p><em><strong>Mi\u00e9rcoles 8 de diciembre, cancha La Tijera<\/strong><\/em><br \/>\n15:00 hs. La Tijera Vs. Los Palometas<\/p>\n","protected":false},"excerpt":{"rendered":"<p>PRIMERA DIVISION S\u00e1bado 4 de diciembre, cancha V\u00e9lez 15:15 hs. Uni\u00f3n Vs. Talleres 17:15 hs. V\u00e9lez Vs. Atl\u00e9tico Marcos Paz Domingo 5 de diciembre, cancha V\u00e9lez 15:15 hs. El Tim\u00f3n Vs. Gowland 17:15 hs. Trocha Vs. Col\u00f3n Domingo 5 de diciembre, cancha Liga Mercedina 15:15 hs. Estudiantes Vs. El Front\u00f3n 17:15 hs. Defensores Vs. Mercedes Domingo 5 de diciembre, cancha<\/p>\n","protected":false},"author":2,"featured_media":0,"comment_status":"open","ping_status":"open","sticky":false,"template":"","format":"standard","meta":{"footnotes":""},"categories":[4],"tags":[],"class_list":["post-27555","post","type-post","status-publish","format-standard","hentry","category-informaciongeneral"],"_links":{"self":[{"href":"https:\/\/ligamercedina.com\/web\/wp-json\/wp\/v2\/posts\/27555","targetHints":{"allow":["GET"]}}],"collection":[{"href":"https:\/\/ligamercedina.com\/web\/wp-json\/wp\/v2\/posts"}],"about":[{"href":"https:\/\/ligamercedina.com\/web\/wp-json\/wp\/v2\/types\/post"}],"author":[{"embeddable":true,"href":"https:\/\/ligamercedina.com\/web\/wp-json\/wp\/v2\/users\/2"}],"replies":[{"embeddable":true,"href":"https:\/\/ligamercedina.com\/web\/wp-json\/wp\/v2\/comments?post=27555"}],"version-history":[{"count":9,"href":"https:\/\/ligamercedina.com\/web\/wp-json\/wp\/v2\/posts\/27555\/revisions"}],"predecessor-version":[{"id":27574,"href":"https:\/\/ligamercedina.com\/web\/wp-json\/wp\/v2\/posts\/27555\/revisions\/27574"}],"wp:attachment":[{"href":"https:\/\/ligamercedina.com\/web\/wp-json\/wp\/v2\/media?parent=27555"}],"wp:term":[{"taxonomy":"category","embeddable":true,"href":"https:\/\/ligamercedina.com\/web\/wp-json\/wp\/v2\/categories?post=27555"},{"taxonomy":"post_tag","embeddable":true,"href":"https:\/\/ligamercedina.com\/web\/wp-json\/wp\/v2\/tags?post=27555"}],"curies":[{"name":"wp","href":"https:\/\/api.w.org\/{rel}","templated":true}]}}