{"id":27535,"date":"2021-11-25T10:30:15","date_gmt":"2021-11-25T13:30:15","guid":{"rendered":"https:\/\/ligamercedina.com\/web\/?p=27535"},"modified":"2021-11-25T10:30:15","modified_gmt":"2021-11-25T13:30:15","slug":"amonestaciones-35","status":"publish","type":"post","link":"https:\/\/ligamercedina.com\/web\/amonestaciones-35\/","title":{"rendered":"AMONESTACIONES"},"content":{"rendered":"<p><strong>JUGADORES CON NUEVE (9) TARJETAS AMARILLAS<\/strong><br \/>\nLombardo Juan\t-Estudiantes<\/p>\n<p><strong>JUGADORES CON CUATRO (4) TARJETAS AMARILLAS<\/strong><br \/>\nClarac Federico\t-Juventud<br \/>\nFern\u00e1ndez Nahuel -Atl\u00e9tico MP<br \/>\nBecerra Daniel -La Diego<br \/>\nTiberi juan\t39980929\tCol\u00f3n<br \/>\nOscar Rodrigo Luis -Talleres<br \/>\nTorres Juan -Los Carteros<br \/>\nMaldonado Hern\u00e1n -La Diego<br \/>\nPrieto Agust\u00edn -Palometas<br \/>\nCasas Jorge -Defensores<br \/>\nGonz\u00e1lez Dami\u00e1n -Col\u00f3n<br \/>\nScheitler Maximiliano -Palometas<br \/>\nRam\u00edrez Gabriel -Atl\u00e9tico MP<br \/>\nCarretero Mariano -Quilmes<br \/>\nPonce Francisco\t-Los Carteros<br \/>\nPizurno Erik\t-Gowland<br \/>\nLeiva Claudio\t-Uni\u00f3n<br \/>\nBocaccio Lucas\t-Ateneo<br \/>\nPocaressi Enzo\t-V\u00e9lez<br \/>\nBianco Mateo\t-Palometas<br \/>\nConenna Daniel\t-Ateneo<br \/>\nP\u00e9rez Tom\u00e1s\t-Los Carteros<br \/>\nRedolfi Angelo\t-El Tim\u00f3n<br \/>\nVivas Agust\u00edn\t-Estudiantes<br \/>\nRobledo Agust\u00edn\t-Defensores<br \/>\nCastillo Santiago\t-Col\u00f3n<br \/>\nMontuori Pablo\t-Trocha<br \/>\nVel\u00e1zquez El\u00edas\t-Mercedes<br \/>\nMamani Ariel\t-Defensores<br \/>\nOlveira Juli\u00e1n\t-La Diego<br \/>\nCastillo Ruben\t-La Diego<br \/>\nC\u00f3caro Mat\u00edas\t-Quilmes<br \/>\nS\u00e1nchez Mart\u00edn\t-La Diego<br \/>\nGasparro Juan\t-El Front\u00f3n<br \/>\nGrosso Federico\t-El Front\u00f3n<br \/>\nGonz\u00e1lez Felipe\t-Atl\u00e9tico MP<br \/>\nDelvento Francisco -Ateneo<br \/>\nGonz\u00e1lez Bladimir -Juventud<br \/>\nMart\u00ednez Lautaro -AMEFIP<br \/>\nClimi\u00f1o Braian\t-Holanda<br \/>\nMiranda Lucas\t-La Diego<br \/>\nJara Daniel -V\u00e9lez<br \/>\nVizzocero Joaqu\u00edn -El Tim\u00f3n<br \/>\nSegovia Tom\u00e1s\t-Trocha<br \/>\nMontenegro Rodrigo -La Diego<br \/>\nGarc\u00eda Esteban\t-Juventud<br \/>\nOlase Marcos\t-Holanda<br \/>\nC\u00f3rdoba Federico\t-El Tim\u00f3n<br \/>\nLuna Jer\u00f3nimo\t-Estudiantes<br \/>\nCruz Franco\t-Mercedes<br \/>\nTossoroni Leandro -Ateneo<br \/>\nSu\u00e1rez Nahuel\t-Defensores<br \/>\nRonsoni Jonathan -Los Carteros<br \/>\nCortes Franco\t-Atl\u00e9tico MP<\/p>\n","protected":false},"excerpt":{"rendered":"<p>JUGADORES CON NUEVE (9) TARJETAS AMARILLAS Lombardo Juan -Estudiantes JUGADORES CON CUATRO (4) TARJETAS AMARILLAS Clarac Federico -Juventud Fern\u00e1ndez Nahuel -Atl\u00e9tico MP Becerra Daniel -La Diego Tiberi juan 39980929 Col\u00f3n Oscar Rodrigo Luis -Talleres Torres Juan -Los Carteros Maldonado Hern\u00e1n -La Diego Prieto Agust\u00edn -Palometas Casas Jorge -Defensores Gonz\u00e1lez Dami\u00e1n -Col\u00f3n Scheitler Maximiliano -Palometas Ram\u00edrez Gabriel -Atl\u00e9tico MP Carretero Mariano<\/p>\n","protected":false},"author":2,"featured_media":0,"comment_status":"open","ping_status":"open","sticky":false,"template":"","format":"standard","meta":{"footnotes":""},"categories":[4],"tags":[],"class_list":["post-27535","post","type-post","status-publish","format-standard","hentry","category-informaciongeneral"],"_links":{"self":[{"href":"https:\/\/ligamercedina.com\/web\/wp-json\/wp\/v2\/posts\/27535","targetHints":{"allow":["GET"]}}],"collection":[{"href":"https:\/\/ligamercedina.com\/web\/wp-json\/wp\/v2\/posts"}],"about":[{"href":"https:\/\/ligamercedina.com\/web\/wp-json\/wp\/v2\/types\/post"}],"author":[{"embeddable":true,"href":"https:\/\/ligamercedina.com\/web\/wp-json\/wp\/v2\/users\/2"}],"replies":[{"embeddable":true,"href":"https:\/\/ligamercedina.com\/web\/wp-json\/wp\/v2\/comments?post=27535"}],"version-history":[{"count":1,"href":"https:\/\/ligamercedina.com\/web\/wp-json\/wp\/v2\/posts\/27535\/revisions"}],"predecessor-version":[{"id":27536,"href":"https:\/\/ligamercedina.com\/web\/wp-json\/wp\/v2\/posts\/27535\/revisions\/27536"}],"wp:attachment":[{"href":"https:\/\/ligamercedina.com\/web\/wp-json\/wp\/v2\/media?parent=27535"}],"wp:term":[{"taxonomy":"category","embeddable":true,"href":"https:\/\/ligamercedina.com\/web\/wp-json\/wp\/v2\/categories?post=27535"},{"taxonomy":"post_tag","embeddable":true,"href":"https:\/\/ligamercedina.com\/web\/wp-json\/wp\/v2\/tags?post=27535"}],"curies":[{"name":"wp","href":"https:\/\/api.w.org\/{rel}","templated":true}]}}