{"id":27521,"date":"2021-11-23T23:42:57","date_gmt":"2021-11-24T02:42:57","guid":{"rendered":"https:\/\/ligamercedina.com\/web\/?p=27521"},"modified":"2021-11-26T11:54:26","modified_gmt":"2021-11-26T14:54:26","slug":"reserva-horarios-para-el-fin-de-semana-7","status":"publish","type":"post","link":"https:\/\/ligamercedina.com\/web\/reserva-horarios-para-el-fin-de-semana-7\/","title":{"rendered":"RESERVA: HORARIOS PARA EL FIN DE SEMANA"},"content":{"rendered":"<p><em><strong>S\u00e1bado 27 de noviembre, cancha Defensores<\/strong><\/em><br \/>\n13:45 hs. Defensores Vs. Los Palometas<br \/>\n15:30 hs. Uni\u00f3n Vs. Talleres<br \/>\n17:30 hs. Holanda Vs. La Tijera<\/p>\n<p><em><strong>S\u00e1bado 27 de noviembre, cancha El Tim\u00f3n<\/strong><\/em><br \/>\n16:00 hs. El Tim\u00f3n Vs. Deportivo Gowland<\/p>\n<p><em><strong>S\u00e1bado 27 de noviembre, cancha El Front\u00f3n<\/strong><\/em><br \/>\n19:00 hs. El Front\u00f3n Vs. La Diego Armando<\/p>\n<p><em><strong>S\u00e1bado 27 de noviembre, cancha Quilmes<\/strong><\/em><br \/>\n19:15 hs. Quilmes Vs. Trocha<\/p>\n<p><em><strong>S\u00e1bado 27 de noviembre, cancha Mercedes<\/strong><\/em><br \/>\n19:30 hs. Mercedes Vs. AMEFIP<\/p>\n<p><em><strong>S\u00e1bado 27 de noviembre, cancha Col\u00f3n<\/strong><\/em><br \/>\n15:15 hs. Col\u00f3n Vs. Los Carteros<\/p>\n<p><em><strong>Domingo 28 de noviembre, cancha Defensores<\/strong><\/em><br \/>\n15:00 hs. V\u00e9lez Vs. Atl\u00e9tico Marcos Paz<\/p>\n<p><strong>Domingo 28 de noviembre, cancha Juventud<\/strong><br \/>\n15:00 hs. Juventud Vs. Ateneo<\/p>\n","protected":false},"excerpt":{"rendered":"<p>S\u00e1bado 27 de noviembre, cancha Defensores 13:45 hs. Defensores Vs. Los Palometas 15:30 hs. Uni\u00f3n Vs. Talleres 17:30 hs. Holanda Vs. La Tijera S\u00e1bado 27 de noviembre, cancha El Tim\u00f3n 16:00 hs. El Tim\u00f3n Vs. Deportivo Gowland S\u00e1bado 27 de noviembre, cancha El Front\u00f3n 19:00 hs. El Front\u00f3n Vs. La Diego Armando S\u00e1bado 27 de noviembre, cancha Quilmes 19:15 hs.<\/p>\n","protected":false},"author":2,"featured_media":0,"comment_status":"open","ping_status":"open","sticky":false,"template":"","format":"standard","meta":{"footnotes":""},"categories":[4],"tags":[],"class_list":["post-27521","post","type-post","status-publish","format-standard","hentry","category-informaciongeneral"],"_links":{"self":[{"href":"https:\/\/ligamercedina.com\/web\/wp-json\/wp\/v2\/posts\/27521","targetHints":{"allow":["GET"]}}],"collection":[{"href":"https:\/\/ligamercedina.com\/web\/wp-json\/wp\/v2\/posts"}],"about":[{"href":"https:\/\/ligamercedina.com\/web\/wp-json\/wp\/v2\/types\/post"}],"author":[{"embeddable":true,"href":"https:\/\/ligamercedina.com\/web\/wp-json\/wp\/v2\/users\/2"}],"replies":[{"embeddable":true,"href":"https:\/\/ligamercedina.com\/web\/wp-json\/wp\/v2\/comments?post=27521"}],"version-history":[{"count":3,"href":"https:\/\/ligamercedina.com\/web\/wp-json\/wp\/v2\/posts\/27521\/revisions"}],"predecessor-version":[{"id":27540,"href":"https:\/\/ligamercedina.com\/web\/wp-json\/wp\/v2\/posts\/27521\/revisions\/27540"}],"wp:attachment":[{"href":"https:\/\/ligamercedina.com\/web\/wp-json\/wp\/v2\/media?parent=27521"}],"wp:term":[{"taxonomy":"category","embeddable":true,"href":"https:\/\/ligamercedina.com\/web\/wp-json\/wp\/v2\/categories?post=27521"},{"taxonomy":"post_tag","embeddable":true,"href":"https:\/\/ligamercedina.com\/web\/wp-json\/wp\/v2\/tags?post=27521"}],"curies":[{"name":"wp","href":"https:\/\/api.w.org\/{rel}","templated":true}]}}