{"id":27519,"date":"2021-11-23T16:40:34","date_gmt":"2021-11-23T19:40:34","guid":{"rendered":"https:\/\/ligamercedina.com\/web\/?p=27519"},"modified":"2021-11-25T07:08:24","modified_gmt":"2021-11-25T10:08:24","slug":"primera-division-horarios-para-el-fin-de-semana-6","status":"publish","type":"post","link":"https:\/\/ligamercedina.com\/web\/primera-division-horarios-para-el-fin-de-semana-6\/","title":{"rendered":"PRIMERA DIVISION: HORARIOS PARA EL FIN DE SEMANA"},"content":{"rendered":"<p><em><strong>S\u00e1bado 27 de noviembre, cancha Liga Mercedina<\/strong><\/em><br \/>\n15:15 hs. Holanda Vs. La Tijera<br \/>\n17:15 hs. Mercedes Vs. AMEFIP<\/p>\n<p><em><strong>S\u00e1bado 27 de noviembre, cancha Quilmes<\/strong><\/em><br \/>\n15:15 hs. Quilmes Vs. Trocha<br \/>\n17:15 hs. Los Palometas Vs. Defensores<\/p>\n<p><em><strong>S\u00e1bado 27 de noviembre, cancha El Front\u00f3n<\/strong><\/em><br \/>\n17:00 hs. El Front\u00f3n Vs. La Diego Armando<\/p>\n<p><em><strong>S\u00e1bado 27 de noviembre, cancha Col\u00f3n<\/strong><\/em><br \/>\n17:15 hs. Col\u00f3n Vs. Los Carteros<\/p>\n<p><em><strong>Domingo 28 de noviembre, cancha V\u00e9lez<\/strong><\/em><br \/>\n13:15 hs. El Tim\u00f3n Vs. Deportivo Gowland<br \/>\n15:15 hs. Uni\u00f3n Vs. Talleres<br \/>\n17:15 hs. V\u00e9lez Vs. Atl\u00e9tico Marcos Paz<\/p>\n<p><em><strong>Domingo 28 de noviembre, cancha Juventud<\/strong><\/em><br \/>\n17:00 hs. Juventud Vs. Ateneo<\/p>\n","protected":false},"excerpt":{"rendered":"<p>S\u00e1bado 27 de noviembre, cancha Liga Mercedina 15:15 hs. Holanda Vs. La Tijera 17:15 hs. Mercedes Vs. AMEFIP S\u00e1bado 27 de noviembre, cancha Quilmes 15:15 hs. Quilmes Vs. Trocha 17:15 hs. Los Palometas Vs. Defensores S\u00e1bado 27 de noviembre, cancha El Front\u00f3n 17:00 hs. El Front\u00f3n Vs. La Diego Armando S\u00e1bado 27 de noviembre, cancha Col\u00f3n 17:15 hs. Col\u00f3n Vs.<\/p>\n","protected":false},"author":2,"featured_media":0,"comment_status":"open","ping_status":"open","sticky":false,"template":"","format":"standard","meta":{"footnotes":""},"categories":[4],"tags":[],"class_list":["post-27519","post","type-post","status-publish","format-standard","hentry","category-informaciongeneral"],"_links":{"self":[{"href":"https:\/\/ligamercedina.com\/web\/wp-json\/wp\/v2\/posts\/27519","targetHints":{"allow":["GET"]}}],"collection":[{"href":"https:\/\/ligamercedina.com\/web\/wp-json\/wp\/v2\/posts"}],"about":[{"href":"https:\/\/ligamercedina.com\/web\/wp-json\/wp\/v2\/types\/post"}],"author":[{"embeddable":true,"href":"https:\/\/ligamercedina.com\/web\/wp-json\/wp\/v2\/users\/2"}],"replies":[{"embeddable":true,"href":"https:\/\/ligamercedina.com\/web\/wp-json\/wp\/v2\/comments?post=27519"}],"version-history":[{"count":3,"href":"https:\/\/ligamercedina.com\/web\/wp-json\/wp\/v2\/posts\/27519\/revisions"}],"predecessor-version":[{"id":27532,"href":"https:\/\/ligamercedina.com\/web\/wp-json\/wp\/v2\/posts\/27519\/revisions\/27532"}],"wp:attachment":[{"href":"https:\/\/ligamercedina.com\/web\/wp-json\/wp\/v2\/media?parent=27519"}],"wp:term":[{"taxonomy":"category","embeddable":true,"href":"https:\/\/ligamercedina.com\/web\/wp-json\/wp\/v2\/categories?post=27519"},{"taxonomy":"post_tag","embeddable":true,"href":"https:\/\/ligamercedina.com\/web\/wp-json\/wp\/v2\/tags?post=27519"}],"curies":[{"name":"wp","href":"https:\/\/api.w.org\/{rel}","templated":true}]}}