{"id":27514,"date":"2021-11-23T14:47:52","date_gmt":"2021-11-23T17:47:52","guid":{"rendered":"https:\/\/ligamercedina.com\/web\/?p=27514"},"modified":"2021-11-23T14:49:59","modified_gmt":"2021-11-23T17:49:59","slug":"reserva-resultados-y-posiciones-18","status":"publish","type":"post","link":"https:\/\/ligamercedina.com\/web\/reserva-resultados-y-posiciones-18\/","title":{"rendered":"RESERVA: RESULTADOS Y POSICIONES"},"content":{"rendered":"<p><strong>LA TIJERA: -2-;<\/strong> D\u00edaz, El\u00edas Zabala<br \/>\n<strong>EL TIMON: -2-;<\/strong> Angelo Redolfi (2)<\/p>\n<p><strong>PABELLON ARGENTINO: -1-;<\/strong> Mauro Cristaldo<br \/>\n<strong>JUVENTUD: -1-;<\/strong> Jos\u00e9 Perruiset<\/p>\n<p><strong>DEPORTIVO GOWLAND: -2-;<\/strong> Diego Lima, Fabricio Roth<br \/>\n<strong>UNION: -1-;<\/strong> Lucas Biglia<\/p>\n<p><strong>ESTUDIANTES: -3-;<\/strong> Agust\u00edn Mallorqu\u00edn, Diego Castro (2)<br \/>\n<strong>COLON: -0-<\/p>\n<p>DEFENSORES: -1-;<\/strong> Jorge Casas<br \/>\n<strong>HOLANDA: -2-; <\/strong>Daniel Paj\u00f3n, Fabrizio Chid\u00edchimo<\/p>\n<p><strong>VELEZ: -0-<br \/>\nQUILMES: -3-;<\/strong> Leguizam\u00f3n, Emiliao Buscalia, Joaqu\u00edn Dabove<\/p>\n<p><strong>ATENEO: -2-; <\/strong>Joaqu\u00edn Sotillo, Francisco Delvento<br \/>\n<strong>EL FRONTON: -2-; <\/strong>Homero Gelves, Tom\u00e1s Zwezig<\/p>\n<p><strong>MERCEDES: -3-;<\/strong> Francisco Silvestre, El\u00edas Vel\u00e1zquez, Franco Mart\u00ednez<br \/>\n<strong>ATLETICO MARCOS PAZ: -2-;<\/strong> Gonzalo Fasso, Isa\u00edas Corval\u00e1n<\/p>\n<p><strong>LOS CARTEROS: -3-;<\/strong> Agust\u00edn Cuello, Facundo D\u00edaz, Nazareno Cruz<br \/>\n<strong>TROCHA: -0-<\/strong><\/p>\n<p><strong>AMEFIP: -1-;<\/strong> Juli\u00e1n Cano<br \/>\n<strong>LOS PALOMETAS: -2-;<\/strong> Valent\u00edn Russi, Federico Flores Arce<\/p>\n<p><a href=\"https:\/\/ligamercedina.com\/web\/wp-content\/uploads\/2021\/11\/aa-1.jpeg\"><img loading=\"lazy\" decoding=\"async\" src=\"https:\/\/ligamercedina.com\/web\/wp-content\/uploads\/2021\/11\/aa-1.jpeg\" alt=\"\" width=\"503\" height=\"529\" class=\"aligncenter size-full wp-image-27517\" srcset=\"https:\/\/ligamercedina.com\/web\/wp-content\/uploads\/2021\/11\/aa-1.jpeg 503w, https:\/\/ligamercedina.com\/web\/wp-content\/uploads\/2021\/11\/aa-1-285x300.jpeg 285w\" sizes=\"auto, (max-width: 503px) 100vw, 503px\" \/><\/a><\/p>\n","protected":false},"excerpt":{"rendered":"<p>LA TIJERA: -2-; D\u00edaz, El\u00edas Zabala EL TIMON: -2-; Angelo Redolfi (2) PABELLON ARGENTINO: -1-; Mauro Cristaldo JUVENTUD: -1-; Jos\u00e9 Perruiset DEPORTIVO GOWLAND: -2-; Diego Lima, Fabricio Roth UNION: -1-; Lucas Biglia ESTUDIANTES: -3-; Agust\u00edn Mallorqu\u00edn, Diego Castro (2) COLON: -0- DEFENSORES: -1-; Jorge Casas HOLANDA: -2-; Daniel Paj\u00f3n, Fabrizio Chid\u00edchimo VELEZ: -0- QUILMES: -3-; Leguizam\u00f3n, Emiliao Buscalia, Joaqu\u00edn Dabove<\/p>\n","protected":false},"author":2,"featured_media":0,"comment_status":"open","ping_status":"open","sticky":false,"template":"","format":"standard","meta":{"footnotes":""},"categories":[4],"tags":[],"class_list":["post-27514","post","type-post","status-publish","format-standard","hentry","category-informaciongeneral"],"_links":{"self":[{"href":"https:\/\/ligamercedina.com\/web\/wp-json\/wp\/v2\/posts\/27514","targetHints":{"allow":["GET"]}}],"collection":[{"href":"https:\/\/ligamercedina.com\/web\/wp-json\/wp\/v2\/posts"}],"about":[{"href":"https:\/\/ligamercedina.com\/web\/wp-json\/wp\/v2\/types\/post"}],"author":[{"embeddable":true,"href":"https:\/\/ligamercedina.com\/web\/wp-json\/wp\/v2\/users\/2"}],"replies":[{"embeddable":true,"href":"https:\/\/ligamercedina.com\/web\/wp-json\/wp\/v2\/comments?post=27514"}],"version-history":[{"count":3,"href":"https:\/\/ligamercedina.com\/web\/wp-json\/wp\/v2\/posts\/27514\/revisions"}],"predecessor-version":[{"id":27518,"href":"https:\/\/ligamercedina.com\/web\/wp-json\/wp\/v2\/posts\/27514\/revisions\/27518"}],"wp:attachment":[{"href":"https:\/\/ligamercedina.com\/web\/wp-json\/wp\/v2\/media?parent=27514"}],"wp:term":[{"taxonomy":"category","embeddable":true,"href":"https:\/\/ligamercedina.com\/web\/wp-json\/wp\/v2\/categories?post=27514"},{"taxonomy":"post_tag","embeddable":true,"href":"https:\/\/ligamercedina.com\/web\/wp-json\/wp\/v2\/tags?post=27514"}],"curies":[{"name":"wp","href":"https:\/\/api.w.org\/{rel}","templated":true}]}}