{"id":27499,"date":"2021-11-19T20:05:04","date_gmt":"2021-11-19T23:05:04","guid":{"rendered":"https:\/\/ligamercedina.com\/web\/?p=27499"},"modified":"2021-11-19T20:06:00","modified_gmt":"2021-11-19T23:06:00","slug":"futbol-femenino-reprogramacion-de-inferiores-para-el-domingo","status":"publish","type":"post","link":"https:\/\/ligamercedina.com\/web\/futbol-femenino-reprogramacion-de-inferiores-para-el-domingo\/","title":{"rendered":"FUTBOL FEMENINO: REPROGRAMACION DE INFERIORES PARA EL DOMINGO"},"content":{"rendered":"<p><strong>Atento a los pron\u00f3sticos de altas temperaturas se hace saber que los partidos del d\u00eda domingo se jugar\u00e1n con el siguiente cronograma:<\/strong><\/p>\n<p><em><strong>Domingo 21 de noviembre, (FECHA 4) Cancha Trocha<\/strong><\/em><br \/>\n17:00 hs. \u2013SUB 12- Estudiantes Vs. Ateneo<br \/>\n18:00 hs. \u2013SUB 12- Defensores Vs. Los Carteros<br \/>\n19:00 hs. \u2013SUB 16- Estudiantes Vs. AMEFIP<br \/>\n20:00 hs. \u2013SUB 16- La Tijera Vs. Los Carteros<br \/>\n21:00 hs. \u2013SUB 16- Trocha Vs. Mercedes<\/p>\n","protected":false},"excerpt":{"rendered":"<p>Atento a los pron\u00f3sticos de altas temperaturas se hace saber que los partidos del d\u00eda domingo se jugar\u00e1n con el siguiente cronograma: Domingo 21 de noviembre, (FECHA 4) Cancha Trocha 17:00 hs. \u2013SUB 12- Estudiantes Vs. Ateneo 18:00 hs. \u2013SUB 12- Defensores Vs. Los Carteros 19:00 hs. \u2013SUB 16- Estudiantes Vs. AMEFIP 20:00 hs. \u2013SUB 16- La Tijera Vs. Los<\/p>\n","protected":false},"author":2,"featured_media":0,"comment_status":"open","ping_status":"open","sticky":false,"template":"","format":"standard","meta":{"footnotes":""},"categories":[4],"tags":[],"class_list":["post-27499","post","type-post","status-publish","format-standard","hentry","category-informaciongeneral"],"_links":{"self":[{"href":"https:\/\/ligamercedina.com\/web\/wp-json\/wp\/v2\/posts\/27499","targetHints":{"allow":["GET"]}}],"collection":[{"href":"https:\/\/ligamercedina.com\/web\/wp-json\/wp\/v2\/posts"}],"about":[{"href":"https:\/\/ligamercedina.com\/web\/wp-json\/wp\/v2\/types\/post"}],"author":[{"embeddable":true,"href":"https:\/\/ligamercedina.com\/web\/wp-json\/wp\/v2\/users\/2"}],"replies":[{"embeddable":true,"href":"https:\/\/ligamercedina.com\/web\/wp-json\/wp\/v2\/comments?post=27499"}],"version-history":[{"count":2,"href":"https:\/\/ligamercedina.com\/web\/wp-json\/wp\/v2\/posts\/27499\/revisions"}],"predecessor-version":[{"id":27501,"href":"https:\/\/ligamercedina.com\/web\/wp-json\/wp\/v2\/posts\/27499\/revisions\/27501"}],"wp:attachment":[{"href":"https:\/\/ligamercedina.com\/web\/wp-json\/wp\/v2\/media?parent=27499"}],"wp:term":[{"taxonomy":"category","embeddable":true,"href":"https:\/\/ligamercedina.com\/web\/wp-json\/wp\/v2\/categories?post=27499"},{"taxonomy":"post_tag","embeddable":true,"href":"https:\/\/ligamercedina.com\/web\/wp-json\/wp\/v2\/tags?post=27499"}],"curies":[{"name":"wp","href":"https:\/\/api.w.org\/{rel}","templated":true}]}}