{"id":27476,"date":"2021-11-12T17:39:09","date_gmt":"2021-11-12T20:39:09","guid":{"rendered":"https:\/\/ligamercedina.com\/web\/?p=27476"},"modified":"2021-11-12T17:39:09","modified_gmt":"2021-11-12T20:39:09","slug":"actividad-para-el-sabado","status":"publish","type":"post","link":"https:\/\/ligamercedina.com\/web\/actividad-para-el-sabado\/","title":{"rendered":"ACTIVIDAD PARA EL SABADO"},"content":{"rendered":"<p><strong>PRIMERA DIVISION<\/strong><br \/>\n<strong>S\u00e1bado 13 de noviembre, cancha Quilmes<\/strong><em><br \/>\n14:45 hs. El Tim\u00f3n Vs. El Front\u00f3n<br \/>\n16:45 hs. Talleres Vs. Col\u00f3n<\/p>\n","protected":false},"excerpt":{"rendered":"<p>PRIMERA DIVISION S\u00e1bado 13 de noviembre, cancha Quilmes 14:45 hs. El Tim\u00f3n Vs. El Front\u00f3n 16:45 hs. Talleres Vs. Col\u00f3n<\/p>\n","protected":false},"author":2,"featured_media":0,"comment_status":"open","ping_status":"open","sticky":false,"template":"","format":"standard","meta":{"footnotes":""},"categories":[4],"tags":[],"class_list":["post-27476","post","type-post","status-publish","format-standard","hentry","category-informaciongeneral"],"_links":{"self":[{"href":"https:\/\/ligamercedina.com\/web\/wp-json\/wp\/v2\/posts\/27476","targetHints":{"allow":["GET"]}}],"collection":[{"href":"https:\/\/ligamercedina.com\/web\/wp-json\/wp\/v2\/posts"}],"about":[{"href":"https:\/\/ligamercedina.com\/web\/wp-json\/wp\/v2\/types\/post"}],"author":[{"embeddable":true,"href":"https:\/\/ligamercedina.com\/web\/wp-json\/wp\/v2\/users\/2"}],"replies":[{"embeddable":true,"href":"https:\/\/ligamercedina.com\/web\/wp-json\/wp\/v2\/comments?post=27476"}],"version-history":[{"count":1,"href":"https:\/\/ligamercedina.com\/web\/wp-json\/wp\/v2\/posts\/27476\/revisions"}],"predecessor-version":[{"id":27477,"href":"https:\/\/ligamercedina.com\/web\/wp-json\/wp\/v2\/posts\/27476\/revisions\/27477"}],"wp:attachment":[{"href":"https:\/\/ligamercedina.com\/web\/wp-json\/wp\/v2\/media?parent=27476"}],"wp:term":[{"taxonomy":"category","embeddable":true,"href":"https:\/\/ligamercedina.com\/web\/wp-json\/wp\/v2\/categories?post=27476"},{"taxonomy":"post_tag","embeddable":true,"href":"https:\/\/ligamercedina.com\/web\/wp-json\/wp\/v2\/tags?post=27476"}],"curies":[{"name":"wp","href":"https:\/\/api.w.org\/{rel}","templated":true}]}}