{"id":27474,"date":"2021-11-12T08:54:45","date_gmt":"2021-11-12T11:54:45","guid":{"rendered":"https:\/\/ligamercedina.com\/web\/?p=27474"},"modified":"2021-11-24T11:22:06","modified_gmt":"2021-11-24T14:22:06","slug":"amonestaciones-34","status":"publish","type":"post","link":"https:\/\/ligamercedina.com\/web\/amonestaciones-34\/","title":{"rendered":"AMONESTACIONES"},"content":{"rendered":"<p><strong>JUGADORES CON NUEVE (9) AMONESTACIONES<\/strong><br \/>\nLombardo Juan -Estudiantes-<\/p>\n<p><strong>JUGADORES CON CUATRO (4) AMONESTACIONES<\/strong><br \/>\nClarac Federico\t-Juventud<br \/>\nFern\u00e1ndez Nahuel\t-Atl\u00e9tico MP-<br \/>\nBecerra Daniel\t-La Diego<br \/>\nTiberi juan\t-Col\u00f3n-<br \/>\nOscar Rodrigo Luis\t-Talleres-<br \/>\nTorres Juan\t-Los Carteros-<br \/>\nMaldonado Hern\u00e1n\t-La Diego-<br \/>\nPrieto Agust\u00edn\t-Palometas-<br \/>\nCasas Jorge\t-Defensores-<br \/>\nGonz\u00e1lez Dami\u00e1n\t-Col\u00f3n-<br \/>\nSan Pedro Manuel\t-Trocha-<br \/>\nPereyra Juan\t-Quilmes-<br \/>\nScheitler Maximiliano\t-Palometas-<br \/>\nRam\u00edrez Gabriel\t-Atl\u00e9tico MP-<br \/>\nJu\u00e1rez Franco\t-Los Carteros-<br \/>\nCarretero Mariano\t-Quilmes-<br \/>\nPonce Francisco\t-Los Carteros-<br \/>\nCoria Luciano\t-Los Carteros-<br \/>\nPizurno Erik\t-Gowland-<br \/>\nFlores Adri\u00e1n\t-Gowland-<br \/>\nMiranda -Lucas-<br \/>\nLeiva Claudio\t-Uni\u00f3n-<br \/>\nRossi Bistuer Valent\u00edn\t-Mercedes-<br \/>\nBocaccio Lucas\t-Ateneo-<br \/>\nPocaressi Enzo\t-V\u00e9lez-<br \/>\nBianco Mateo\t-Palometas-<br \/>\nConenna Daniel\t-Ateneo<br \/>\nP\u00e9rez Tom\u00e1s\t-Los Carteros-<br \/>\nFeijoo Facundo\t-Talleres-<br \/>\nRobin Juan\t-Quilmes-<br \/>\nMontenegro, Rodrigo -La Diego-<br \/>\nRedolfi Angelo\t-El Tim\u00f3n-<br \/>\nVivas Agust\u00edn\t-Estudiantes-<br \/>\nRobledo Agust\u00edn\t-Defensores-<br \/>\nCastillo Santiago\t-Col\u00f3n-<br \/>\nMontuori Pablo\t-Trocha-<br \/>\nVel\u00e1zquez El\u00edas\t-Mercedes-<br \/>\nPaulerena Bernardo\t-Pabell\u00f3n Argentino-<br \/>\nMamani Ariel\t-Defensores-<br \/>\nOlveira Juli\u00e1n\t-La Diego-<br \/>\nTust Jonathan\t-La Tijera-<br \/>\nCastillo Ruben\t-La Diego-<br \/>\nC\u00f3caro Mat\u00edas\t-Quilmes-<br \/>\nUviz, Agust\u00edn -Trocha-<br \/>\nIribarne Seraf\u00edn\t-Juventud-<br \/>\nCamacho Marcos\t-El Tim\u00f3n-<br \/>\nP\u00e9rez Nicol\u00e1s\t-Quilmes-<br \/>\nS\u00e1nchez Mart\u00edn\t-La Diego-<\/p>\n","protected":false},"excerpt":{"rendered":"<p>JUGADORES CON NUEVE (9) AMONESTACIONES Lombardo Juan -Estudiantes- JUGADORES CON CUATRO (4) AMONESTACIONES Clarac Federico -Juventud Fern\u00e1ndez Nahuel -Atl\u00e9tico MP- Becerra Daniel -La Diego Tiberi juan -Col\u00f3n- Oscar Rodrigo Luis -Talleres- Torres Juan -Los Carteros- Maldonado Hern\u00e1n -La Diego- Prieto Agust\u00edn -Palometas- Casas Jorge -Defensores- Gonz\u00e1lez Dami\u00e1n -Col\u00f3n- San Pedro Manuel -Trocha- Pereyra Juan -Quilmes- Scheitler Maximiliano -Palometas- Ram\u00edrez Gabriel<\/p>\n","protected":false},"author":2,"featured_media":0,"comment_status":"open","ping_status":"open","sticky":false,"template":"","format":"standard","meta":{"footnotes":""},"categories":[4],"tags":[],"class_list":["post-27474","post","type-post","status-publish","format-standard","hentry","category-informaciongeneral"],"_links":{"self":[{"href":"https:\/\/ligamercedina.com\/web\/wp-json\/wp\/v2\/posts\/27474","targetHints":{"allow":["GET"]}}],"collection":[{"href":"https:\/\/ligamercedina.com\/web\/wp-json\/wp\/v2\/posts"}],"about":[{"href":"https:\/\/ligamercedina.com\/web\/wp-json\/wp\/v2\/types\/post"}],"author":[{"embeddable":true,"href":"https:\/\/ligamercedina.com\/web\/wp-json\/wp\/v2\/users\/2"}],"replies":[{"embeddable":true,"href":"https:\/\/ligamercedina.com\/web\/wp-json\/wp\/v2\/comments?post=27474"}],"version-history":[{"count":4,"href":"https:\/\/ligamercedina.com\/web\/wp-json\/wp\/v2\/posts\/27474\/revisions"}],"predecessor-version":[{"id":27529,"href":"https:\/\/ligamercedina.com\/web\/wp-json\/wp\/v2\/posts\/27474\/revisions\/27529"}],"wp:attachment":[{"href":"https:\/\/ligamercedina.com\/web\/wp-json\/wp\/v2\/media?parent=27474"}],"wp:term":[{"taxonomy":"category","embeddable":true,"href":"https:\/\/ligamercedina.com\/web\/wp-json\/wp\/v2\/categories?post=27474"},{"taxonomy":"post_tag","embeddable":true,"href":"https:\/\/ligamercedina.com\/web\/wp-json\/wp\/v2\/tags?post=27474"}],"curies":[{"name":"wp","href":"https:\/\/api.w.org\/{rel}","templated":true}]}}