{"id":27383,"date":"2021-10-26T09:17:18","date_gmt":"2021-10-26T12:17:18","guid":{"rendered":"https:\/\/ligamercedina.com\/web\/?p=27383"},"modified":"2021-10-27T12:42:09","modified_gmt":"2021-10-27T15:42:09","slug":"horarios-para-el-fin-de-semana-185","status":"publish","type":"post","link":"https:\/\/ligamercedina.com\/web\/horarios-para-el-fin-de-semana-185\/","title":{"rendered":"HORARIOS PARA EL FIN DE SEMANA"},"content":{"rendered":"<ul>\n<strong>PRIMERA DIVISION<\/strong><\/ul>\n<p><em><strong>S\u00e1bado 30 de octubre, cancha V\u00e9lez Sarsfield<\/strong><\/em><br \/>\n13:45 hs. V\u00e9lez Vs. Los Palometas<br \/>\n15:45 hs. Defensores Vs. Uni\u00f3n <\/p>\n<p><em><strong>S\u00e1bado 30 de octubre, cancha Liga Mercedina<\/strong><\/em><br \/>\n14:30 hs. Talleres Vs. El Front\u00f3n<br \/>\n16:30 hs. Mercedes Vs. Quilmes<\/p>\n<p><em><strong>Domingo 31 de octubre, cancha Liga Mercedina<\/strong><\/em><br \/>\n11:00 hs. La Diego Armando Vs. Trocha<br \/>\n13:00 hs. Atl\u00e9tico Marcos Paz Vs. Holanda<br \/>\n15:00 hs. Estudiantes Vs. Los Carteros<\/p>\n<p><em><strong>Domingo 31 de octubre, cancha Quilmes<\/strong><\/em><br \/>\n11:00 hs. Ateneo Vs. Col\u00f3n<br \/>\n13:00 hs. AMEFIP Vs. El Tim\u00f3n<br \/>\n15:00 hs. Gowland Vs. Juventud<\/p>\n<ul>\n<strong>RESERVA<\/strong><\/ul>\n<p><em><strong>S\u00e1bado 30 de octubre, cancha Estudiantes<\/strong><\/em><br \/>\n14:15 hs. Gowland Vs. Juventud<br \/>\n16:00 hs. Estudiantes Vs. Los Carteros<\/p>\n<p><em><strong>S\u00e1bado 30 de octubre, cancha Mercedes<\/strong><\/em><br \/>\n19:00 hs. Mercedes Vs. Quilmes<\/p>\n<p><em><strong>S\u00e1bado 30 de octubre, cancha Uni\u00f3n<\/strong><\/em><br \/>\n14:45 hs. AMEFIP Vs. El Tim\u00f3n<br \/>\n16:45 hs. Talleres Vs. El Front\u00f3n  <\/p>\n<p><em><strong>S\u00e1bado 30 de octubre, cancha Ateneo<\/strong><\/em><br \/>\n13:00 hs. La Diego Armando Vs. Trocha -POSTERGADO-<br \/>\n14:45 hs. Ateneo Vs. Col\u00f3n<br \/>\n16:30 hs. V\u00e9lez Vs. Los Palometas<\/p>\n<p><em><strong>Domingo 31 de octubre, cancha Defensores<\/strong><\/em><br \/>\n14:00 hs. Defensores Vs. Uni\u00f3n<br \/>\n16:00 hs. Atl\u00e9tico Marcos Paz Vs. Holanda<\/p>\n","protected":false},"excerpt":{"rendered":"<p>PRIMERA DIVISION S\u00e1bado 30 de octubre, cancha V\u00e9lez Sarsfield 13:45 hs. V\u00e9lez Vs. Los Palometas 15:45 hs. Defensores Vs. Uni\u00f3n S\u00e1bado 30 de octubre, cancha Liga Mercedina 14:30 hs. Talleres Vs. El Front\u00f3n 16:30 hs. Mercedes Vs. Quilmes Domingo 31 de octubre, cancha Liga Mercedina 11:00 hs. La Diego Armando Vs. Trocha 13:00 hs. Atl\u00e9tico Marcos Paz Vs. Holanda 15:00<\/p>\n","protected":false},"author":2,"featured_media":0,"comment_status":"open","ping_status":"open","sticky":false,"template":"","format":"standard","meta":{"footnotes":""},"categories":[4],"tags":[],"class_list":["post-27383","post","type-post","status-publish","format-standard","hentry","category-informaciongeneral"],"_links":{"self":[{"href":"https:\/\/ligamercedina.com\/web\/wp-json\/wp\/v2\/posts\/27383","targetHints":{"allow":["GET"]}}],"collection":[{"href":"https:\/\/ligamercedina.com\/web\/wp-json\/wp\/v2\/posts"}],"about":[{"href":"https:\/\/ligamercedina.com\/web\/wp-json\/wp\/v2\/types\/post"}],"author":[{"embeddable":true,"href":"https:\/\/ligamercedina.com\/web\/wp-json\/wp\/v2\/users\/2"}],"replies":[{"embeddable":true,"href":"https:\/\/ligamercedina.com\/web\/wp-json\/wp\/v2\/comments?post=27383"}],"version-history":[{"count":3,"href":"https:\/\/ligamercedina.com\/web\/wp-json\/wp\/v2\/posts\/27383\/revisions"}],"predecessor-version":[{"id":27396,"href":"https:\/\/ligamercedina.com\/web\/wp-json\/wp\/v2\/posts\/27383\/revisions\/27396"}],"wp:attachment":[{"href":"https:\/\/ligamercedina.com\/web\/wp-json\/wp\/v2\/media?parent=27383"}],"wp:term":[{"taxonomy":"category","embeddable":true,"href":"https:\/\/ligamercedina.com\/web\/wp-json\/wp\/v2\/categories?post=27383"},{"taxonomy":"post_tag","embeddable":true,"href":"https:\/\/ligamercedina.com\/web\/wp-json\/wp\/v2\/tags?post=27383"}],"curies":[{"name":"wp","href":"https:\/\/api.w.org\/{rel}","templated":true}]}}