{"id":27264,"date":"2021-09-30T14:25:55","date_gmt":"2021-09-30T17:25:55","guid":{"rendered":"https:\/\/ligamercedina.com\/web\/?p=27264"},"modified":"2021-09-30T14:25:55","modified_gmt":"2021-09-30T17:25:55","slug":"futbol-femenino-el-fronton-debuto-con-triunfo-en-la-copa-federal","status":"publish","type":"post","link":"https:\/\/ligamercedina.com\/web\/futbol-femenino-el-fronton-debuto-con-triunfo-en-la-copa-federal\/","title":{"rendered":"FUTBOL FEMENINO: EL FRONTON DEBUTO CON TRIUNFO EN LA COPA FEDERAL"},"content":{"rendered":"<p>En la noche del mi\u00e9rcoles, El Front\u00f3n de San Andr\u00e9s de Giles tuvo se debut en la Copa Federal de F\u00fatbol Femenino para Primera Divisi\u00f3n.<br \/>\nEnfrentando a UNNOBA de la Liga de Jun\u00edn, El Front\u00f3n se impuso por diferencia m\u00ednima, con gol convertido por Sof\u00eda Silva a los 11 minutos del segundo tiempo.<\/p>\n<p>Este partido signific\u00f3 la primera participaci\u00f3n de un equipo femenino de la Liga Mercedina de F\u00fatbol en un torneo de car\u00e1cter regional.<br \/>\nEl partido revancha se jugar\u00e1 el pr\u00f3ximo mi\u00e9rcoles a las 20:30 horas en cancha del club Defensa de la ciudad de Jun\u00edn.<\/p>\n<p><a href=\"https:\/\/ligamercedina.com\/web\/wp-content\/uploads\/2021\/09\/FRONTON.jpeg\"><img loading=\"lazy\" decoding=\"async\" src=\"https:\/\/ligamercedina.com\/web\/wp-content\/uploads\/2021\/09\/FRONTON-1024x671.jpeg\" alt=\"\" width=\"860\" height=\"564\" class=\"aligncenter size-large wp-image-27265\" srcset=\"https:\/\/ligamercedina.com\/web\/wp-content\/uploads\/2021\/09\/FRONTON-1024x671.jpeg 1024w, https:\/\/ligamercedina.com\/web\/wp-content\/uploads\/2021\/09\/FRONTON-300x197.jpeg 300w, https:\/\/ligamercedina.com\/web\/wp-content\/uploads\/2021\/09\/FRONTON-768x503.jpeg 768w, https:\/\/ligamercedina.com\/web\/wp-content\/uploads\/2021\/09\/FRONTON.jpeg 1080w\" sizes=\"auto, (max-width: 860px) 100vw, 860px\" \/><\/a\n<a href=\"https:\/\/ligamercedina.com\/web\/wp-content\/uploads\/2021\/09\/FRONTON-2.jpeg\"><img loading=\"lazy\" decoding=\"async\" src=\"https:\/\/ligamercedina.com\/web\/wp-content\/uploads\/2021\/09\/FRONTON-2-1024x672.jpeg\" alt=\"\" width=\"860\" height=\"564\" class=\"aligncenter size-large wp-image-27266\" srcset=\"https:\/\/ligamercedina.com\/web\/wp-content\/uploads\/2021\/09\/FRONTON-2-1024x672.jpeg 1024w, https:\/\/ligamercedina.com\/web\/wp-content\/uploads\/2021\/09\/FRONTON-2-300x197.jpeg 300w, https:\/\/ligamercedina.com\/web\/wp-content\/uploads\/2021\/09\/FRONTON-2-768x504.jpeg 768w, https:\/\/ligamercedina.com\/web\/wp-content\/uploads\/2021\/09\/FRONTON-2.jpeg 1059w\" sizes=\"auto, (max-width: 860px) 100vw, 860px\" \/><\/a><\/p>\n<p><strong>Fotos: Club El Front\u00f3n<\/strong><\/p>\n","protected":false},"excerpt":{"rendered":"<p>En la noche del mi\u00e9rcoles, El Front\u00f3n de San Andr\u00e9s de Giles tuvo se debut en la Copa Federal de F\u00fatbol Femenino para Primera Divisi\u00f3n. Enfrentando a UNNOBA de la Liga de Jun\u00edn, El Front\u00f3n se impuso por diferencia m\u00ednima, con gol convertido por Sof\u00eda Silva a los 11 minutos del segundo tiempo. Este partido signific\u00f3 la primera participaci\u00f3n de<\/p>\n","protected":false},"author":2,"featured_media":0,"comment_status":"open","ping_status":"open","sticky":false,"template":"","format":"standard","meta":{"footnotes":""},"categories":[4],"tags":[],"class_list":["post-27264","post","type-post","status-publish","format-standard","hentry","category-informaciongeneral"],"_links":{"self":[{"href":"https:\/\/ligamercedina.com\/web\/wp-json\/wp\/v2\/posts\/27264","targetHints":{"allow":["GET"]}}],"collection":[{"href":"https:\/\/ligamercedina.com\/web\/wp-json\/wp\/v2\/posts"}],"about":[{"href":"https:\/\/ligamercedina.com\/web\/wp-json\/wp\/v2\/types\/post"}],"author":[{"embeddable":true,"href":"https:\/\/ligamercedina.com\/web\/wp-json\/wp\/v2\/users\/2"}],"replies":[{"embeddable":true,"href":"https:\/\/ligamercedina.com\/web\/wp-json\/wp\/v2\/comments?post=27264"}],"version-history":[{"count":1,"href":"https:\/\/ligamercedina.com\/web\/wp-json\/wp\/v2\/posts\/27264\/revisions"}],"predecessor-version":[{"id":27267,"href":"https:\/\/ligamercedina.com\/web\/wp-json\/wp\/v2\/posts\/27264\/revisions\/27267"}],"wp:attachment":[{"href":"https:\/\/ligamercedina.com\/web\/wp-json\/wp\/v2\/media?parent=27264"}],"wp:term":[{"taxonomy":"category","embeddable":true,"href":"https:\/\/ligamercedina.com\/web\/wp-json\/wp\/v2\/categories?post=27264"},{"taxonomy":"post_tag","embeddable":true,"href":"https:\/\/ligamercedina.com\/web\/wp-json\/wp\/v2\/tags?post=27264"}],"curies":[{"name":"wp","href":"https:\/\/api.w.org\/{rel}","templated":true}]}}