{"id":27214,"date":"2021-09-20T11:52:10","date_gmt":"2021-09-20T14:52:10","guid":{"rendered":"https:\/\/ligamercedina.com\/web\/?p=27214"},"modified":"2021-09-22T16:51:12","modified_gmt":"2021-09-22T19:51:12","slug":"reserva-horarios-para-el-fin-de-semana-4","status":"publish","type":"post","link":"https:\/\/ligamercedina.com\/web\/reserva-horarios-para-el-fin-de-semana-4\/","title":{"rendered":"RESERVA: HORARIOS PARA EL FIN DE SEMANA"},"content":{"rendered":"<p><em><strong>S\u00e1bado 25 de septiembre, cancha Trocha<\/strong><\/em><br \/>\n14:30 hs. Gimnasia Vs. Mercedes<br \/>\n16:30 hs. Quilmes Vs. Ateneo <\/p>\n<p><em><strong>S\u00e1bado 25 de septiembre, cancha Los Carteros<\/strong><\/em><br \/>\n14:00 hs. Los Carteros Vs. Deportivo Gowland<\/p>\n<p><strong>S\u00e1bado 25 de septiembre, cancha El Tim\u00f3n<\/strong><em><br \/>\n16:30 hs. El Tim\u00f3n Vs. Holanda<\/p>\n<p><em><strong>S\u00e1bado 25 de septiembre, cancha Palometas<\/strong><\/em><br \/>\n13:30 hs. La Diego Armando Vs. Pabell\u00f3n Argentino<br \/>\n15:30 hs. Los Palometas Vs. Uni\u00f3n<\/p>\n<p><em><strong>S\u00e1bado 25 de septiembre, cancha El Front\u00f3n<\/strong><\/em><br \/>\n14:30 hs. El Front\u00f3n Vs. Atl\u00e9tico Marcos Paz<\/p>\n<p><em><strong>Domingo 26 de septiembre, cancha Trocha<\/strong><\/em><br \/>\n13:30 hs. Trocha Vs. La Tijera<\/p>\n<p><em><strong>Domingo 26 de septiembre, cancha Col\u00f3n<\/strong><\/em><br \/>\n13:30 hs. Col\u00f3n Vs. Defensores Jrs.<\/p>\n<p><em><strong>Domingo 26 de septiembre, cancha Juventud<\/strong><\/em><br \/>\n14:00 hs. Juventud Vs. V\u00e9lez<\/p>\n","protected":false},"excerpt":{"rendered":"<p>S\u00e1bado 25 de septiembre, cancha Trocha 14:30 hs. Gimnasia Vs. Mercedes 16:30 hs. Quilmes Vs. Ateneo S\u00e1bado 25 de septiembre, cancha Los Carteros 14:00 hs. Los Carteros Vs. Deportivo Gowland S\u00e1bado 25 de septiembre, cancha El Tim\u00f3n 16:30 hs. El Tim\u00f3n Vs. Holanda S\u00e1bado 25 de septiembre, cancha Palometas 13:30 hs. La Diego Armando Vs. Pabell\u00f3n Argentino 15:30 hs. Los<\/p>\n","protected":false},"author":2,"featured_media":0,"comment_status":"open","ping_status":"open","sticky":false,"template":"","format":"standard","meta":{"footnotes":""},"categories":[4],"tags":[],"class_list":["post-27214","post","type-post","status-publish","format-standard","hentry","category-informaciongeneral"],"_links":{"self":[{"href":"https:\/\/ligamercedina.com\/web\/wp-json\/wp\/v2\/posts\/27214","targetHints":{"allow":["GET"]}}],"collection":[{"href":"https:\/\/ligamercedina.com\/web\/wp-json\/wp\/v2\/posts"}],"about":[{"href":"https:\/\/ligamercedina.com\/web\/wp-json\/wp\/v2\/types\/post"}],"author":[{"embeddable":true,"href":"https:\/\/ligamercedina.com\/web\/wp-json\/wp\/v2\/users\/2"}],"replies":[{"embeddable":true,"href":"https:\/\/ligamercedina.com\/web\/wp-json\/wp\/v2\/comments?post=27214"}],"version-history":[{"count":7,"href":"https:\/\/ligamercedina.com\/web\/wp-json\/wp\/v2\/posts\/27214\/revisions"}],"predecessor-version":[{"id":27227,"href":"https:\/\/ligamercedina.com\/web\/wp-json\/wp\/v2\/posts\/27214\/revisions\/27227"}],"wp:attachment":[{"href":"https:\/\/ligamercedina.com\/web\/wp-json\/wp\/v2\/media?parent=27214"}],"wp:term":[{"taxonomy":"category","embeddable":true,"href":"https:\/\/ligamercedina.com\/web\/wp-json\/wp\/v2\/categories?post=27214"},{"taxonomy":"post_tag","embeddable":true,"href":"https:\/\/ligamercedina.com\/web\/wp-json\/wp\/v2\/tags?post=27214"}],"curies":[{"name":"wp","href":"https:\/\/api.w.org\/{rel}","templated":true}]}}