{"id":27212,"date":"2021-09-20T11:47:12","date_gmt":"2021-09-20T14:47:12","guid":{"rendered":"https:\/\/ligamercedina.com\/web\/?p=27212"},"modified":"2021-09-20T20:42:15","modified_gmt":"2021-09-20T23:42:15","slug":"primera-division-horarios-para-el-fin-de-semana-3","status":"publish","type":"post","link":"https:\/\/ligamercedina.com\/web\/primera-division-horarios-para-el-fin-de-semana-3\/","title":{"rendered":"PRIMERA DIVISION: HORARIOS PARA EL FIN DE SEMANA"},"content":{"rendered":"<p><em><strong>S\u00e1bado 25 de septiembre, cancha Quilmes<\/strong><\/em><br \/>\n13:45 hs. Quilmes Vs. Ateneo<br \/>\n16:15 hs. La Diego Armando Vs. Pabell\u00f3n Argentino<\/p>\n<p><em><strong>S\u00e1bado 25 de septiembre, cancha Liga<\/strong><\/em><br \/>\n14:00 hs. El Tim\u00f3n Vs. Holanda<br \/>\n16:30 hs. Los Carteros Vs. Gowland<\/p>\n<p><em><strong>S\u00e1bado 25 de septiembre, cancha El Front\u00f3n<\/strong><\/em><br \/>\n16:30 hs. El Front\u00f3n Vs. Atl\u00e9tico Marcos Paz<\/p>\n<p><strong>Domingo 26 de septiembre, cancha Liga Mercedina<\/strong><em><br \/>\n11:00 hs. Gimnasia Vs. Mercedes<br \/>\n13:30 hs. Uni\u00f3n Vs. Palometas<br \/>\n16:00 hs. Trocha Vs. La Tijera<\/p>\n<p><em><strong>Domingo 26 de septiembre, cancha Col\u00f3n<\/strong><\/em><br \/>\n16:00 hs. Col\u00f3n Vs. Defensores Jrs.<\/p>\n<p><em><strong>Domingo 26 de septiembre, cancha Juventud<\/strong><\/em><br \/>\n16:00 hs. Juventud Vs. V\u00e9lez<\/p>\n","protected":false},"excerpt":{"rendered":"<p>S\u00e1bado 25 de septiembre, cancha Quilmes 13:45 hs. Quilmes Vs. Ateneo 16:15 hs. La Diego Armando Vs. Pabell\u00f3n Argentino S\u00e1bado 25 de septiembre, cancha Liga 14:00 hs. El Tim\u00f3n Vs. Holanda 16:30 hs. Los Carteros Vs. Gowland S\u00e1bado 25 de septiembre, cancha El Front\u00f3n 16:30 hs. El Front\u00f3n Vs. Atl\u00e9tico Marcos Paz Domingo 26 de septiembre, cancha Liga Mercedina 11:00<\/p>\n","protected":false},"author":2,"featured_media":0,"comment_status":"open","ping_status":"open","sticky":false,"template":"","format":"standard","meta":{"footnotes":""},"categories":[4],"tags":[],"class_list":["post-27212","post","type-post","status-publish","format-standard","hentry","category-informaciongeneral"],"_links":{"self":[{"href":"https:\/\/ligamercedina.com\/web\/wp-json\/wp\/v2\/posts\/27212","targetHints":{"allow":["GET"]}}],"collection":[{"href":"https:\/\/ligamercedina.com\/web\/wp-json\/wp\/v2\/posts"}],"about":[{"href":"https:\/\/ligamercedina.com\/web\/wp-json\/wp\/v2\/types\/post"}],"author":[{"embeddable":true,"href":"https:\/\/ligamercedina.com\/web\/wp-json\/wp\/v2\/users\/2"}],"replies":[{"embeddable":true,"href":"https:\/\/ligamercedina.com\/web\/wp-json\/wp\/v2\/comments?post=27212"}],"version-history":[{"count":4,"href":"https:\/\/ligamercedina.com\/web\/wp-json\/wp\/v2\/posts\/27212\/revisions"}],"predecessor-version":[{"id":27226,"href":"https:\/\/ligamercedina.com\/web\/wp-json\/wp\/v2\/posts\/27212\/revisions\/27226"}],"wp:attachment":[{"href":"https:\/\/ligamercedina.com\/web\/wp-json\/wp\/v2\/media?parent=27212"}],"wp:term":[{"taxonomy":"category","embeddable":true,"href":"https:\/\/ligamercedina.com\/web\/wp-json\/wp\/v2\/categories?post=27212"},{"taxonomy":"post_tag","embeddable":true,"href":"https:\/\/ligamercedina.com\/web\/wp-json\/wp\/v2\/tags?post=27212"}],"curies":[{"name":"wp","href":"https:\/\/api.w.org\/{rel}","templated":true}]}}