{"id":27139,"date":"2021-08-30T01:17:05","date_gmt":"2021-08-30T04:17:05","guid":{"rendered":"https:\/\/ligamercedina.com\/web\/?p=27139"},"modified":"2021-08-31T10:31:12","modified_gmt":"2021-08-31T13:31:12","slug":"primera-reserva-horarios-para-el-fin-de-semana-10","status":"publish","type":"post","link":"https:\/\/ligamercedina.com\/web\/primera-reserva-horarios-para-el-fin-de-semana-10\/","title":{"rendered":"PRIMERA &#8211; RESERVA: HORARIOS PARA EL FIN DE SEMANA"},"content":{"rendered":"<ul>\n<strong>PRIMERA DIVISION<\/strong><\/ul>\n<p><em><strong>S\u00e1bado 4 de septiembre, cancha Liga Mercedina<\/strong><\/em><br \/>\n14:00 hs.  Mercedes Vs. Juventud<br \/>\n16:30 hs. AMEFIP Vs. Col\u00f3n<\/p>\n<p><em><strong>S\u00e1bado 4 de septiembre, cancha Quilmes<\/strong><\/em><br \/>\n13:30 hs. Deportivo Gowland Vs. Estudiantes<br \/>\n16:00 hs. Talleres Payr\u00f3 Vs. La Diego Armando<\/p>\n<p><em><strong>S\u00e1bado 4 de septiembre, cancha La Tijera<\/strong><\/em><br \/>\n16:00 hs. La Tijera Vs. Los Carteros<\/p>\n<p><em><strong>S\u00e1bado 4 de septiembre, cancha Pabell\u00f3n Argentino<\/strong><\/em><br \/>\n20:30 hs. Pabell\u00f3n Argentino Vs. Ateneo<\/p>\n<p><em><strong>Domingo 5 de septiembre, cancha Liga Mercedina<\/strong><\/em><br \/>\n11:00 hs. Holanda Vs. Uni\u00f3n<br \/>\n13:30 hs. Defensores Vs. Trocha<\/p>\n<p><em><strong>Domingo 5 de septiembre, cancha V\u00e9lez Sarsfield<\/strong><\/em><br \/>\n11: 00 hs. V\u00e9lez Sarsfield Vs. El Front\u00f3n<br \/>\n13:30 hs. El Tim\u00f3n Vs. Quilmes<\/p>\n<p><em><strong>Domingo 5 de septiembre, cancha Quilmes<\/strong><\/em><br \/>\n13:00 hs. Los Palometas Vs. Gimnasia <\/p>\n<ul>\n<strong>RESERVA<\/strong><\/ul>\n<p><em><strong>S\u00e1bado 4 de septiembre, cancha Estudiantes<\/strong><\/em><br \/>\n13:15 hs. Talleres Payr\u00f3 Vs. La Diego Armando<br \/>\n16:15 hs. Estudiantes Vs. Deportivo Gowland<\/p>\n<p><em><strong>S\u00e1bado 4 de septiembre, cancha Trocha<\/strong><\/em><br \/>\n14:30 hs. Trocha Vs. Defensores<\/p>\n<p><em><strong>S\u00e1bado 4 de septiembre, cancha Uni\u00f3n<\/strong><\/em><br \/>\n13:00 hs. Los Palometas Vs. Gimnasia<br \/>\n14:45 hs. V\u00e9lez Sarsfield Vs. El Front\u00f3n<br \/>\n16:30 hs. Uni\u00f3n Vs. Holanda <\/p>\n<p><em><strong>S\u00e1bado 4 de septiembre, cancha Mercedes<\/strong><\/em><br \/>\n13:00 hs. AMEFIP Vs. Col\u00f3n<br \/>\n16:30 hs. Mercedes Vs. Juventud<\/p>\n<p><em><strong>S\u00e1bado 4 de septiembre, cancha La Tijera<\/strong><\/em><br \/>\n14:00 hs. La Tijera Vs. Los Carteros<\/p>\n<p><em><strong>S\u00e1bado 4 de septiembre, cancha El Tim\u00f3n<\/strong><\/em><br \/>\n15:30 hs. El Tim\u00f3n Vs. Quilmes<\/p>\n<p><em><strong>S\u00e1bado 4 de septiembre, cancha Pabell\u00f3n Argentino<\/strong><\/em><br \/>\n18:30 hs. Pabell\u00f3n Argentino Vs. Ateneo<\/p>\n","protected":false},"excerpt":{"rendered":"<p>PRIMERA DIVISION S\u00e1bado 4 de septiembre, cancha Liga Mercedina 14:00 hs. Mercedes Vs. Juventud 16:30 hs. AMEFIP Vs. Col\u00f3n S\u00e1bado 4 de septiembre, cancha Quilmes 13:30 hs. Deportivo Gowland Vs. Estudiantes 16:00 hs. Talleres Payr\u00f3 Vs. La Diego Armando S\u00e1bado 4 de septiembre, cancha La Tijera 16:00 hs. La Tijera Vs. Los Carteros S\u00e1bado 4 de septiembre, cancha Pabell\u00f3n Argentino<\/p>\n","protected":false},"author":2,"featured_media":0,"comment_status":"open","ping_status":"open","sticky":false,"template":"","format":"standard","meta":{"footnotes":""},"categories":[4],"tags":[],"class_list":["post-27139","post","type-post","status-publish","format-standard","hentry","category-informaciongeneral"],"_links":{"self":[{"href":"https:\/\/ligamercedina.com\/web\/wp-json\/wp\/v2\/posts\/27139","targetHints":{"allow":["GET"]}}],"collection":[{"href":"https:\/\/ligamercedina.com\/web\/wp-json\/wp\/v2\/posts"}],"about":[{"href":"https:\/\/ligamercedina.com\/web\/wp-json\/wp\/v2\/types\/post"}],"author":[{"embeddable":true,"href":"https:\/\/ligamercedina.com\/web\/wp-json\/wp\/v2\/users\/2"}],"replies":[{"embeddable":true,"href":"https:\/\/ligamercedina.com\/web\/wp-json\/wp\/v2\/comments?post=27139"}],"version-history":[{"count":7,"href":"https:\/\/ligamercedina.com\/web\/wp-json\/wp\/v2\/posts\/27139\/revisions"}],"predecessor-version":[{"id":27151,"href":"https:\/\/ligamercedina.com\/web\/wp-json\/wp\/v2\/posts\/27139\/revisions\/27151"}],"wp:attachment":[{"href":"https:\/\/ligamercedina.com\/web\/wp-json\/wp\/v2\/media?parent=27139"}],"wp:term":[{"taxonomy":"category","embeddable":true,"href":"https:\/\/ligamercedina.com\/web\/wp-json\/wp\/v2\/categories?post=27139"},{"taxonomy":"post_tag","embeddable":true,"href":"https:\/\/ligamercedina.com\/web\/wp-json\/wp\/v2\/tags?post=27139"}],"curies":[{"name":"wp","href":"https:\/\/api.w.org\/{rel}","templated":true}]}}