{"id":27135,"date":"2021-08-30T01:04:07","date_gmt":"2021-08-30T04:04:07","guid":{"rendered":"https:\/\/ligamercedina.com\/web\/?p=27135"},"modified":"2021-08-30T01:04:07","modified_gmt":"2021-08-30T04:04:07","slug":"reserva-resultados","status":"publish","type":"post","link":"https:\/\/ligamercedina.com\/web\/reserva-resultados\/","title":{"rendered":"RESERVA: RESULTADOS"},"content":{"rendered":"<p><strong>GIMNASIA: -0-<br \/>\nHOLANDA -3-;<\/strong>  Lucas Branchini y Tom\u00e1s Bord\u00f3n(2)<\/p>\n<p><strong>TROCHA -2-;<\/strong>  Manuel San Pedro y Mart\u00edn Zuleta.<br \/>\n<strong>AMEFIP -1-;<\/strong>  Agust\u00edn Ram\u00edrez.<\/p>\n<p><strong>UNI\u00d3N -3-;<\/strong> Mauro D\u00edaz, Laureano Torres y Gustavo Benedetti.<br \/>\n<strong>EL TIM\u00d3N -2-;<\/strong> Valent\u00edn Lataro, Santiago Amaya<\/p>\n<p><strong>ESTUDIANTES -3-;<\/strong> Diego Castro 2 y Federico Blanco.<br \/>\n<strong>LA TIJERA 1;<\/strong> Ignacio Ottonelli<\/p>\n<p><strong>LA DIEGO ARMANDO -1-;<\/strong>  Gabriel Dadea.<br \/>\n<strong>DEPORTIVO GOWLAND -3-;<\/strong>  Braian Rivera, Ricardo Leiva, Lucas Coletta<\/p>\n<p><strong>COL\u00d3N -1-;<\/strong> Nicol\u00e1s Torres.<br \/>\n<strong>ATL\u00c9TICO MARCOS PAZ -1-;<\/strong>  Felipe Gonz\u00e1lez P\u00e1ez.<\/p>\n<p><strong>JUVENTUD -2-;<\/strong>  Agust\u00edn Galv\u00e1n y Jos\u00e9 Perruiset.<br \/>\n<strong>LOS PALOMETAS -0-<\/p>\n<p>LOS CARTEROS -1-; <\/strong> Jonathan Paj\u00f3n.<br \/>\n<strong>DEFENSORES JUNIORS 1;<\/strong>  Santiago Gonz\u00e1lez.<\/p>\n<p><strong>ATENEO -1-;<\/strong>  R\u00faben Marino.<br \/>\n<strong>TALLERES -2-;<\/strong>  Facundo Feijo y Nahuel Aguirre.<\/p>\n<p><strong>QUILMES: -1-;<\/strong> Angel Puchetta<br \/>\n<strong>PABELLON ARGENTINO: -0-<\/strong><\/p>\n<p><strong>EL FRONTON: -2-;<\/strong> Tom\u00e1s Zwezig, Mart\u00edn Bonetti<br \/>\n<strong>MERCEDES: -1-;<\/strong> Juan Calder\u00f3n<\/p>\n","protected":false},"excerpt":{"rendered":"<p>GIMNASIA: -0- HOLANDA -3-; Lucas Branchini y Tom\u00e1s Bord\u00f3n(2) TROCHA -2-; Manuel San Pedro y Mart\u00edn Zuleta. AMEFIP -1-; Agust\u00edn Ram\u00edrez. UNI\u00d3N -3-; Mauro D\u00edaz, Laureano Torres y Gustavo Benedetti. EL TIM\u00d3N -2-; Valent\u00edn Lataro, Santiago Amaya ESTUDIANTES -3-; Diego Castro 2 y Federico Blanco. LA TIJERA 1; Ignacio Ottonelli LA DIEGO ARMANDO -1-; Gabriel Dadea. DEPORTIVO GOWLAND -3-; Braian<\/p>\n","protected":false},"author":2,"featured_media":0,"comment_status":"open","ping_status":"open","sticky":false,"template":"","format":"standard","meta":{"footnotes":""},"categories":[4],"tags":[],"class_list":["post-27135","post","type-post","status-publish","format-standard","hentry","category-informaciongeneral"],"_links":{"self":[{"href":"https:\/\/ligamercedina.com\/web\/wp-json\/wp\/v2\/posts\/27135","targetHints":{"allow":["GET"]}}],"collection":[{"href":"https:\/\/ligamercedina.com\/web\/wp-json\/wp\/v2\/posts"}],"about":[{"href":"https:\/\/ligamercedina.com\/web\/wp-json\/wp\/v2\/types\/post"}],"author":[{"embeddable":true,"href":"https:\/\/ligamercedina.com\/web\/wp-json\/wp\/v2\/users\/2"}],"replies":[{"embeddable":true,"href":"https:\/\/ligamercedina.com\/web\/wp-json\/wp\/v2\/comments?post=27135"}],"version-history":[{"count":1,"href":"https:\/\/ligamercedina.com\/web\/wp-json\/wp\/v2\/posts\/27135\/revisions"}],"predecessor-version":[{"id":27136,"href":"https:\/\/ligamercedina.com\/web\/wp-json\/wp\/v2\/posts\/27135\/revisions\/27136"}],"wp:attachment":[{"href":"https:\/\/ligamercedina.com\/web\/wp-json\/wp\/v2\/media?parent=27135"}],"wp:term":[{"taxonomy":"category","embeddable":true,"href":"https:\/\/ligamercedina.com\/web\/wp-json\/wp\/v2\/categories?post=27135"},{"taxonomy":"post_tag","embeddable":true,"href":"https:\/\/ligamercedina.com\/web\/wp-json\/wp\/v2\/tags?post=27135"}],"curies":[{"name":"wp","href":"https:\/\/api.w.org\/{rel}","templated":true}]}}