{"id":271,"date":"2007-10-26T12:28:04","date_gmt":"2007-10-26T15:28:04","guid":{"rendered":"https:\/\/ligamercedina.com\/?p=271"},"modified":"2007-10-26T12:28:04","modified_gmt":"2007-10-26T15:28:04","slug":"fecha-de-primera-suspendida","status":"publish","type":"post","link":"https:\/\/ligamercedina.com\/web\/fecha-de-primera-suspendida\/","title":{"rendered":"FECHA DE PRIMERA SUSPENDIDA"},"content":{"rendered":"<p><strong>En la ma\u00f1ana de este viernes la Liga Mercedina confirm\u00f3 la suspensi\u00f3n de la fecha de Primera Divisi\u00f3n, que deb\u00eda jugarse ma\u00f1ana s\u00e1bado.<br \/>\nEl motivo: el Comit\u00e9 Provincial de Seguridad Deportiva envi\u00f3 una notificaci\u00f3n a la Estaci\u00f3n Comunal de Polic\u00eda, donde se manifiesta que en relaci\u00f3n a las Elecciones a llevarse a cabo el domingo, no pueden llevarse adelante operativos de seguridad en espect\u00e1culos deportivos.<\/strong><\/p>\n","protected":false},"excerpt":{"rendered":"<p>En la ma\u00f1ana de este viernes la Liga Mercedina confirm\u00f3 la suspensi\u00f3n de la fecha de Primera Divisi\u00f3n, que deb\u00eda jugarse ma\u00f1ana s\u00e1bado. El motivo: el Comit\u00e9 Provincial de Seguridad Deportiva envi\u00f3 una notificaci\u00f3n a la Estaci\u00f3n Comunal de Polic\u00eda, donde se manifiesta que en relaci\u00f3n a las Elecciones a llevarse a cabo el domingo, no pueden llevarse adelante operativos<\/p>\n","protected":false},"author":1,"featured_media":0,"comment_status":"open","ping_status":"open","sticky":false,"template":"","format":"standard","meta":{"footnotes":""},"categories":[4],"tags":[],"class_list":["post-271","post","type-post","status-publish","format-standard","hentry","category-informaciongeneral"],"_links":{"self":[{"href":"https:\/\/ligamercedina.com\/web\/wp-json\/wp\/v2\/posts\/271","targetHints":{"allow":["GET"]}}],"collection":[{"href":"https:\/\/ligamercedina.com\/web\/wp-json\/wp\/v2\/posts"}],"about":[{"href":"https:\/\/ligamercedina.com\/web\/wp-json\/wp\/v2\/types\/post"}],"author":[{"embeddable":true,"href":"https:\/\/ligamercedina.com\/web\/wp-json\/wp\/v2\/users\/1"}],"replies":[{"embeddable":true,"href":"https:\/\/ligamercedina.com\/web\/wp-json\/wp\/v2\/comments?post=271"}],"version-history":[{"count":0,"href":"https:\/\/ligamercedina.com\/web\/wp-json\/wp\/v2\/posts\/271\/revisions"}],"wp:attachment":[{"href":"https:\/\/ligamercedina.com\/web\/wp-json\/wp\/v2\/media?parent=271"}],"wp:term":[{"taxonomy":"category","embeddable":true,"href":"https:\/\/ligamercedina.com\/web\/wp-json\/wp\/v2\/categories?post=271"},{"taxonomy":"post_tag","embeddable":true,"href":"https:\/\/ligamercedina.com\/web\/wp-json\/wp\/v2\/tags?post=271"}],"curies":[{"name":"wp","href":"https:\/\/api.w.org\/{rel}","templated":true}]}}