{"id":27099,"date":"2021-08-23T00:48:24","date_gmt":"2021-08-23T03:48:24","guid":{"rendered":"https:\/\/ligamercedina.com\/web\/?p=27099"},"modified":"2021-08-26T00:15:26","modified_gmt":"2021-08-26T03:15:26","slug":"reserva-horarios-para-el-fin-de-semana-2","status":"publish","type":"post","link":"https:\/\/ligamercedina.com\/web\/reserva-horarios-para-el-fin-de-semana-2\/","title":{"rendered":"RESERVA: HORARIOS PARA EL FIN DE SEMANA"},"content":{"rendered":"<p><strong>S\u00e1bado 28 de agosto, cancha Trocha<\/strong><br \/>\n13:00 hs. Gimnasia Vs. Holanda<br \/>\n14:45 hs. Trocha Vs. AMEFIP<br \/>\n16:30 hs. Uni\u00f3n Vs. El Tim\u00f3n<\/p>\n<p><strong>S\u00e1bado 28 de agosto, cancha Estudiantes<\/strong><br \/>\n13:00 hs. Estudiantes Vs. La Tijera<br \/>\n14:45 hs. La Diego Armando Vs. Dep. Gowland <\/p>\n<p><strong>S\u00e1bado 28 de agosto, cancha Col\u00f3n de Luj\u00e1n<\/strong><br \/>\n14:00 hs. Col\u00f3n Vs. Atl\u00e9tico Marcos Paz<\/p>\n<p><strong>S\u00e1bado 28 de agosto, cancha Juventud de Suipacha<\/strong><br \/>\n14:00 hs. Juventud Vs. Los Palometas<\/p>\n<p><strong>S\u00e1bado 28 de agosto, cancha Ateneo<\/strong><br \/>\n14:00 hs. Los Carteros Vs. Defensores<br \/>\n15:45 hs.  Ateneo Vs. Talleres<\/p>\n<p><strong>Domingo 29 de agosto, cancha V\u00e9lez Sarsfield<\/strong><br \/>\n13:00 hs. Quilmes Vs. Pabell\u00f3n Argentino<\/p>\n<p><strong>Domingo 29 de agosto, cancha El Front\u00f3n<\/strong><br \/>\n16:30 hs. El Front\u00f3n Vs. Mercedes <\/p>\n","protected":false},"excerpt":{"rendered":"<p>S\u00e1bado 28 de agosto, cancha Trocha 13:00 hs. Gimnasia Vs. Holanda 14:45 hs. Trocha Vs. AMEFIP 16:30 hs. Uni\u00f3n Vs. El Tim\u00f3n S\u00e1bado 28 de agosto, cancha Estudiantes 13:00 hs. Estudiantes Vs. La Tijera 14:45 hs. La Diego Armando Vs. Dep. Gowland S\u00e1bado 28 de agosto, cancha Col\u00f3n de Luj\u00e1n 14:00 hs. Col\u00f3n Vs. Atl\u00e9tico Marcos Paz S\u00e1bado 28 de<\/p>\n","protected":false},"author":2,"featured_media":0,"comment_status":"open","ping_status":"open","sticky":false,"template":"","format":"standard","meta":{"footnotes":""},"categories":[4],"tags":[],"class_list":["post-27099","post","type-post","status-publish","format-standard","hentry","category-informaciongeneral"],"_links":{"self":[{"href":"https:\/\/ligamercedina.com\/web\/wp-json\/wp\/v2\/posts\/27099","targetHints":{"allow":["GET"]}}],"collection":[{"href":"https:\/\/ligamercedina.com\/web\/wp-json\/wp\/v2\/posts"}],"about":[{"href":"https:\/\/ligamercedina.com\/web\/wp-json\/wp\/v2\/types\/post"}],"author":[{"embeddable":true,"href":"https:\/\/ligamercedina.com\/web\/wp-json\/wp\/v2\/users\/2"}],"replies":[{"embeddable":true,"href":"https:\/\/ligamercedina.com\/web\/wp-json\/wp\/v2\/comments?post=27099"}],"version-history":[{"count":7,"href":"https:\/\/ligamercedina.com\/web\/wp-json\/wp\/v2\/posts\/27099\/revisions"}],"predecessor-version":[{"id":27122,"href":"https:\/\/ligamercedina.com\/web\/wp-json\/wp\/v2\/posts\/27099\/revisions\/27122"}],"wp:attachment":[{"href":"https:\/\/ligamercedina.com\/web\/wp-json\/wp\/v2\/media?parent=27099"}],"wp:term":[{"taxonomy":"category","embeddable":true,"href":"https:\/\/ligamercedina.com\/web\/wp-json\/wp\/v2\/categories?post=27099"},{"taxonomy":"post_tag","embeddable":true,"href":"https:\/\/ligamercedina.com\/web\/wp-json\/wp\/v2\/tags?post=27099"}],"curies":[{"name":"wp","href":"https:\/\/api.w.org\/{rel}","templated":true}]}}