{"id":27094,"date":"2021-08-23T00:23:14","date_gmt":"2021-08-23T03:23:14","guid":{"rendered":"https:\/\/ligamercedina.com\/web\/?p=27094"},"modified":"2021-08-23T00:55:58","modified_gmt":"2021-08-23T03:55:58","slug":"primera-division-resultados-y-posiciones-8","status":"publish","type":"post","link":"https:\/\/ligamercedina.com\/web\/primera-division-resultados-y-posiciones-8\/","title":{"rendered":"PRIMERA DIVISION: RESULTADOS Y POSICIONES"},"content":{"rendered":"<p><strong>TROCHA: -3-;<\/strong> Lucas Gallo (2), Alejandro Pizarro<br \/>\n<strong>ATLETICO MARCOS PAZ: -0- <\/strong><\/p>\n<p><strong>LA TIJERA: -2-;<\/strong> Hern\u00e1n Aguirre, Javier Vera<br \/>\n<strong>LA DIEGO ARMANDO: -1-;<\/strong> Daniel Becerra<\/p>\n<p><strong>EL TIMON: -3-;<\/strong> Marcos Camacho, Joaqu\u00edn Visosero, Juli\u00e1n<br \/>\n<strong>GIMNASIA: -0-; <\/p>\n<p>VELEZ SARSFIELD: -0-<\/strong><br \/>\n<strong>COLON: -1-;<\/strong> Juan Tiberi<\/p>\n<p><strong>LOS PALOMETAS: -0-<br \/>\nEL FRONTON: -0-<\/strong><\/p>\n<p><strong>UNION: -1-;<\/strong> Lucas Ch\u00e1vez<br \/>\n<strong>QUILMES: -0-<\/strong><\/p>\n<p><strong>AMEFIP: -2-;<\/strong> Lucas Falcone, Nicol\u00e1s L\u00f3pez<br \/>\n<strong>LOS CARTEROS: -0-<\/strong><\/p>\n<p><strong>ATENEO: -1-;<\/strong> Francisco Delvento<br \/>\n<strong>DEPORTIVO GOWLAND: -0-<\/strong><\/p>\n<p><strong>TALLERES: -1-; <\/strong><br \/>\n<strong>PABELL\u00d3N ARGENTINO: -5-;<\/strong> Nahuel Romero (2), Esteban Fern\u00e1ndez, Bautista Olgiati, Gast\u00f3n Bianchi<\/p>\n<p><strong>HOLANDA: -0-<\/strong><br \/>\n<strong>JUVENTUD: -2-;<\/strong> Nicol\u00e1s Minetti, Mauro Rubira<\/p>\n<p><strong>DEFENSORES: -0-<br \/>\nESTUDIANTES: -0-<\/strong><\/p>\n<p><a href=\"https:\/\/ligamercedina.com\/web\/wp-content\/uploads\/2021\/08\/PRIMERA-1.jpeg\"><img loading=\"lazy\" decoding=\"async\" src=\"https:\/\/ligamercedina.com\/web\/wp-content\/uploads\/2021\/08\/PRIMERA-1.jpeg\" alt=\"\" width=\"533\" height=\"615\" class=\"aligncenter size-full wp-image-27101\" srcset=\"https:\/\/ligamercedina.com\/web\/wp-content\/uploads\/2021\/08\/PRIMERA-1.jpeg 533w, https:\/\/ligamercedina.com\/web\/wp-content\/uploads\/2021\/08\/PRIMERA-1-260x300.jpeg 260w\" sizes=\"auto, (max-width: 533px) 100vw, 533px\" \/><\/a><\/p>\n","protected":false},"excerpt":{"rendered":"<p>TROCHA: -3-; Lucas Gallo (2), Alejandro Pizarro ATLETICO MARCOS PAZ: -0- LA TIJERA: -2-; Hern\u00e1n Aguirre, Javier Vera LA DIEGO ARMANDO: -1-; Daniel Becerra EL TIMON: -3-; Marcos Camacho, Joaqu\u00edn Visosero, Juli\u00e1n GIMNASIA: -0-; VELEZ SARSFIELD: -0- COLON: -1-; Juan Tiberi LOS PALOMETAS: -0- EL FRONTON: -0- UNION: -1-; Lucas Ch\u00e1vez QUILMES: -0- AMEFIP: -2-; Lucas Falcone, Nicol\u00e1s L\u00f3pez LOS<\/p>\n","protected":false},"author":2,"featured_media":0,"comment_status":"open","ping_status":"open","sticky":false,"template":"","format":"standard","meta":{"footnotes":""},"categories":[4],"tags":[],"class_list":["post-27094","post","type-post","status-publish","format-standard","hentry","category-informaciongeneral"],"_links":{"self":[{"href":"https:\/\/ligamercedina.com\/web\/wp-json\/wp\/v2\/posts\/27094","targetHints":{"allow":["GET"]}}],"collection":[{"href":"https:\/\/ligamercedina.com\/web\/wp-json\/wp\/v2\/posts"}],"about":[{"href":"https:\/\/ligamercedina.com\/web\/wp-json\/wp\/v2\/types\/post"}],"author":[{"embeddable":true,"href":"https:\/\/ligamercedina.com\/web\/wp-json\/wp\/v2\/users\/2"}],"replies":[{"embeddable":true,"href":"https:\/\/ligamercedina.com\/web\/wp-json\/wp\/v2\/comments?post=27094"}],"version-history":[{"count":2,"href":"https:\/\/ligamercedina.com\/web\/wp-json\/wp\/v2\/posts\/27094\/revisions"}],"predecessor-version":[{"id":27102,"href":"https:\/\/ligamercedina.com\/web\/wp-json\/wp\/v2\/posts\/27094\/revisions\/27102"}],"wp:attachment":[{"href":"https:\/\/ligamercedina.com\/web\/wp-json\/wp\/v2\/media?parent=27094"}],"wp:term":[{"taxonomy":"category","embeddable":true,"href":"https:\/\/ligamercedina.com\/web\/wp-json\/wp\/v2\/categories?post=27094"},{"taxonomy":"post_tag","embeddable":true,"href":"https:\/\/ligamercedina.com\/web\/wp-json\/wp\/v2\/tags?post=27094"}],"curies":[{"name":"wp","href":"https:\/\/api.w.org\/{rel}","templated":true}]}}