{"id":27091,"date":"2021-08-23T00:05:42","date_gmt":"2021-08-23T03:05:42","guid":{"rendered":"https:\/\/ligamercedina.com\/web\/?p=27091"},"modified":"2021-08-23T00:05:42","modified_gmt":"2021-08-23T03:05:42","slug":"reserva-resultados-y-posiciones-14","status":"publish","type":"post","link":"https:\/\/ligamercedina.com\/web\/reserva-resultados-y-posiciones-14\/","title":{"rendered":"RESERVA: RESULTADOS Y POSICIONES"},"content":{"rendered":"<p><strong>TROCHA: -1-;<\/strong> Joaqu\u00edn Schenone<br \/>\n<strong>ATLETICO MARCOS PAZ: -1-;<\/strong> Alan Pi\u00f1ero<\/p>\n<p><strong>LA TIJERA: -1-;<\/strong> Pedro G\u00f3mez<br \/>\n<strong>LA DIEGO ARMANDO: -0-<\/strong><\/p>\n<p><strong>EL TIMON: -1-;<\/strong> El\u00edas Amaya<br \/>\n<strong>GIMNASIA: -2-;<\/strong> Marcos Jara, Nicol\u00e1s Parra<\/p>\n<p><strong>VELEZ SARSFIELD: -5-;<\/strong> Alexis Losa, Agust\u00edn G\u00f3mez, Diego Serrano, Ayrton Fern\u00e1ndez, Gabriel Maldonado<br \/>\n<strong>COLON: -1-;<\/strong> Lucas Valiente<\/p>\n<p><strong>LOS PALOMETAS: -1-;<\/strong> Mateo Bianco<br \/>\n<strong>EL FRONTON: -1-; <\/strong>Carlos Scheffer<\/p>\n<p><strong>UNION: -1-;<\/strong> Mauro D\u00edaz<br \/>\n<strong>QUILMES: -3-; <\/strong>Emiliano Buscaglia, Joaqu\u00edn Dabove (2)<\/p>\n<p><strong>AMEFIP: -0-<br \/>\nLOS CARTEROS: -1-;<\/strong> Jonathan Paj\u00f3n<\/p>\n<p><strong>ATENEO: -0-<br \/>\nDEPORTIVO GOWLAND: -0-<\/strong><\/p>\n<p><strong>TALLERES: -3-; <\/strong>Mauricio Galv\u00e1n (2), V\u00edctor Santos<br \/>\n<strong>PABELL\u00d3N ARGENTINO: -2-;<\/strong> Gonzalo Hourquiebe<\/p>\n<p><strong>HOLANDA: -1-;<\/strong> Franco Irusta<br \/>\n<strong>JUVENTUD: -2-;<\/strong> Ezequiel G\u00f3mez, Enzo Su\u00e1rez<\/p>\n<p><strong>DEFENSORES: -1-;<\/strong> Jorge Casas<br \/>\n<strong>ESTUDIANTES: -1-;<\/strong> Hilario Lab\u00edn<\/p>\n<p><a href=\"https:\/\/ligamercedina.com\/web\/wp-content\/uploads\/2021\/08\/RESER.jpeg\"><img loading=\"lazy\" decoding=\"async\" src=\"https:\/\/ligamercedina.com\/web\/wp-content\/uploads\/2021\/08\/RESER.jpeg\" alt=\"\" width=\"503\" height=\"529\" class=\"aligncenter size-full wp-image-27092\" srcset=\"https:\/\/ligamercedina.com\/web\/wp-content\/uploads\/2021\/08\/RESER.jpeg 503w, https:\/\/ligamercedina.com\/web\/wp-content\/uploads\/2021\/08\/RESER-285x300.jpeg 285w\" sizes=\"auto, (max-width: 503px) 100vw, 503px\" \/><\/a><\/p>\n","protected":false},"excerpt":{"rendered":"<p>TROCHA: -1-; Joaqu\u00edn Schenone ATLETICO MARCOS PAZ: -1-; Alan Pi\u00f1ero LA TIJERA: -1-; Pedro G\u00f3mez LA DIEGO ARMANDO: -0- EL TIMON: -1-; El\u00edas Amaya GIMNASIA: -2-; Marcos Jara, Nicol\u00e1s Parra VELEZ SARSFIELD: -5-; Alexis Losa, Agust\u00edn G\u00f3mez, Diego Serrano, Ayrton Fern\u00e1ndez, Gabriel Maldonado COLON: -1-; Lucas Valiente LOS PALOMETAS: -1-; Mateo Bianco EL FRONTON: -1-; Carlos Scheffer UNION: -1-; Mauro<\/p>\n","protected":false},"author":2,"featured_media":0,"comment_status":"open","ping_status":"open","sticky":false,"template":"","format":"standard","meta":{"footnotes":""},"categories":[4],"tags":[],"class_list":["post-27091","post","type-post","status-publish","format-standard","hentry","category-informaciongeneral"],"_links":{"self":[{"href":"https:\/\/ligamercedina.com\/web\/wp-json\/wp\/v2\/posts\/27091","targetHints":{"allow":["GET"]}}],"collection":[{"href":"https:\/\/ligamercedina.com\/web\/wp-json\/wp\/v2\/posts"}],"about":[{"href":"https:\/\/ligamercedina.com\/web\/wp-json\/wp\/v2\/types\/post"}],"author":[{"embeddable":true,"href":"https:\/\/ligamercedina.com\/web\/wp-json\/wp\/v2\/users\/2"}],"replies":[{"embeddable":true,"href":"https:\/\/ligamercedina.com\/web\/wp-json\/wp\/v2\/comments?post=27091"}],"version-history":[{"count":1,"href":"https:\/\/ligamercedina.com\/web\/wp-json\/wp\/v2\/posts\/27091\/revisions"}],"predecessor-version":[{"id":27093,"href":"https:\/\/ligamercedina.com\/web\/wp-json\/wp\/v2\/posts\/27091\/revisions\/27093"}],"wp:attachment":[{"href":"https:\/\/ligamercedina.com\/web\/wp-json\/wp\/v2\/media?parent=27091"}],"wp:term":[{"taxonomy":"category","embeddable":true,"href":"https:\/\/ligamercedina.com\/web\/wp-json\/wp\/v2\/categories?post=27091"},{"taxonomy":"post_tag","embeddable":true,"href":"https:\/\/ligamercedina.com\/web\/wp-json\/wp\/v2\/tags?post=27091"}],"curies":[{"name":"wp","href":"https:\/\/api.w.org\/{rel}","templated":true}]}}