{"id":2701,"date":"2009-11-14T08:38:56","date_gmt":"2009-11-14T11:38:56","guid":{"rendered":"https:\/\/ligamercedina.com\/?p=2701"},"modified":"2009-11-14T08:38:56","modified_gmt":"2009-11-14T11:38:56","slug":"resultados-del-futbol-infantil-18","status":"publish","type":"post","link":"https:\/\/ligamercedina.com\/web\/resultados-del-futbol-infantil-18\/","title":{"rendered":"RESULTADOS DEL FUTBOL INFANTIL"},"content":{"rendered":"<blockquote><p><strong>MERCEDES \u00abA\u00bb VS. EL FRONTON<\/strong><\/p><\/blockquote>\n<p>Categor\u00eda 2000: <strong>1<\/strong> (Mat\u00edas Gim\u00e9nez) &#8211; <strong>2<\/strong> (Joaqu\u00edn Casado 2)<br \/>\nCategor\u00eda 99: <strong>1<\/strong> (Agust\u00edn Navarro) &#8211; <strong>1<\/strong> (Santiago Vela)<br \/>\nCategor\u00eda 98: <strong>0 &#8211; 0<\/strong><br \/>\nCategor\u00eda 97: <strong>0 &#8211; 0<\/strong><br \/>\nCategor\u00eda 96: <strong>2<\/strong> (Gast\u00f3n Ari\u00f1o y Agust\u00edn Biggi) &#8211; <strong>1<\/strong> (Agust\u00edn Rossi)<br \/>\nCategor\u00eda 95: <strong>0 &#8211; 2<\/strong> (Juan Lacanette y Gonzalo Morada)<br \/>\nCategor\u00eda 94: <strong>0 &#8211; 5<\/strong> (Mateo Casas, Federico Grosso y Blas Tallarico 3)<br \/>\nCategor\u00eda 93-92: <strong>2<\/strong> (Maximiliano Dorado y Juli\u00e1n Lussello) &#8211; <strong>4<\/strong> (Francisco Ponchione 3 y Jos\u00e9 Mansilla)<\/p>\n<blockquote><p><strong>COMUNICACIONES VS. VELEZ SARSFIELD<\/strong><\/p><\/blockquote>\n<p>Categor\u00eda 2000: <strong>3<\/strong> (Tom\u00e1s Altamore 2 y Braian Ram\u00edrez) &#8211; <strong>0<\/strong><br \/>\nCategor\u00eda 99: <strong>2<\/strong> (Enzo Celaye 2) &#8211; <strong>0<\/strong><br \/>\nCategor\u00eda 98: <strong>0 &#8211; 0<\/strong><br \/>\nCategor\u00eda 97: <strong>1<\/strong> (Luis Carlichi) &#8211; <strong>2<\/strong> (Maximiliano B\u00e1ez y Gustavo Lucero)<br \/>\nCategor\u00eda 96: <strong>0 &#8211; 2<\/strong> (Iv\u00e1n Quevedo 2)<br \/>\nCategor\u00eda 95: Postergado para el martes<br \/>\nCategor\u00eda 94: <strong>0 &#8211; 2<\/strong> (Andr\u00e9s Climi\u00f1o 2)<br \/>\nCategor\u00eda 93-92: <strong>1<\/strong> (Daniel Talavera) &#8211; <strong>3<\/strong> (Juan D\u00edaz, Gabriel D\u00edaz y Juan Diez)<\/p>\n<blockquote><p><strong>JUVENTUD VS. QUILMES<\/strong><\/p><\/blockquote>\n<p>Categor\u00eda 2000: <strong>0 &#8211; 5<\/strong> (Mat\u00edas L\u00f3pez 2 y Gast\u00f3n Romero 3)<br \/>\nCategor\u00eda 99: <strong>1<\/strong> (Eric D\u00edaz) &#8211; <strong>2<\/strong> (Braian Climi\u00f1o y Nahuel Herrera)<br \/>\nCategor\u00eda 98: <strong>2<\/strong> (Santiago Flynn y Juli\u00e1n G\u00f3mez) &#8211; <strong>0<\/strong><br \/>\nCategor\u00eda 97: <strong>1<\/strong> (Luciano Castro) &#8211; <strong>3<\/strong> (Franco Amaya, Enzo Miguel y Joel Tust)<br \/>\nCategor\u00eda 96: <strong>3<\/strong> (Bautista Avila, Emmanuel Garc\u00eda y Lautaro Zabala) &#8211; <strong>2<\/strong> (Lucas Mollo 2)<br \/>\nCategor\u00eda 95: <strong>4<\/strong> (Luis Novoa, Lucas P\u00e9rez Zunino y Ezequiel Bondanza 2) &#8211; <strong>0<\/strong><br \/>\nCategor\u00eda 94: <strong>Gan\u00f3 puntos Juventud<\/strong><br \/>\nCategor\u00eda 93-92: <strong>6<\/strong> (Mauro Correa, Juan Gallardo 2, Gabriel Ottonelli, Juan Potes y Rodrigo Cabrera) &#8211; <strong>1<\/strong> (Dami\u00e1n Carrera)<\/p>\n<blockquote><p><strong>ATENEO VS. MERCEDES <\/strong><\/p><\/blockquote>\n<p>Categor\u00eda 2000: <strong>0\u20132<\/strong> (Guido Rebagliatti y Juan Sparks).<br \/>\nCategor\u00eda 99: <strong>2<\/strong> (Jer\u00f3nimo Puricelli y Enzo Spoturno) \u2013 <strong>0<\/strong><br \/>\nCategor\u00eda 98:<strong>2<\/strong> (Francis Souto 2) \u2013 <strong>2<\/strong> (Juan Arias y Tom\u00e1s Battoia).<br \/>\nCategor\u00eda 97: <strong>1<\/strong> (Santiago Cendoya) \u2013 <strong>1<\/strong> (Juan Arias).<br \/>\nCategor\u00eda 96: <strong>1<\/strong> (Nicol\u00e1s Acu\u00f1a) \u2013 <strong>5<\/strong> (Nicol\u00e1s Contardi, Franco gatti 3 y Rodrigo Coronel).<br \/>\nCategor\u00eda 95: <strong>0<\/strong> \u2013 <strong>6<\/strong> (Esteban Rodr\u00edguez 5 y Rodrigo Montenegro.<br \/>\nCategor\u00edas 94: <strong>0<\/strong> \u2013 <strong>1<\/strong> (Nicol\u00e1s Bertaina).<br \/>\nCategor\u00eda 92-93: <strong>1<\/strong> (Carlos Zuletta) \u2013 <strong>3<\/strong> (Fernando Gonz\u00e1lez 2 y Mat\u00edas Meriles).<\/p>\n<blockquote><p><strong>ESTUDIANTES VS. UNION<\/strong><\/p><\/blockquote>\n<p>Categor\u00eda 2000: <strong>2<\/strong> (Facundo Hoare y Juan Virto) &#8211; <strong>0<\/strong><br \/>\nCategor\u00eda 99: <strong>0 &#8211; 0<\/strong><br \/>\nCategor\u00eda 98: <strong>5<\/strong> (Lucas Gallo 3, Nicol\u00e1s Bartolomeo y Dami\u00e1n Mansilla) &#8211; <strong>0<\/strong><br \/>\nCategor\u00eda 97: Se juega ma\u00f1ana domingo<\/p>\n","protected":false},"excerpt":{"rendered":"<p>MERCEDES \u00abA\u00bb VS. EL FRONTON Categor\u00eda 2000: 1 (Mat\u00edas Gim\u00e9nez) &#8211; 2 (Joaqu\u00edn Casado 2) Categor\u00eda 99: 1 (Agust\u00edn Navarro) &#8211; 1 (Santiago Vela) Categor\u00eda 98: 0 &#8211; 0 Categor\u00eda 97: 0 &#8211; 0 Categor\u00eda 96: 2 (Gast\u00f3n Ari\u00f1o y Agust\u00edn Biggi) &#8211; 1 (Agust\u00edn Rossi) Categor\u00eda 95: 0 &#8211; 2 (Juan Lacanette y Gonzalo Morada) Categor\u00eda 94: 0 &#8211;<\/p>\n","protected":false},"author":1,"featured_media":0,"comment_status":"open","ping_status":"open","sticky":false,"template":"","format":"standard","meta":{"footnotes":""},"categories":[4],"tags":[],"class_list":["post-2701","post","type-post","status-publish","format-standard","hentry","category-informaciongeneral"],"_links":{"self":[{"href":"https:\/\/ligamercedina.com\/web\/wp-json\/wp\/v2\/posts\/2701","targetHints":{"allow":["GET"]}}],"collection":[{"href":"https:\/\/ligamercedina.com\/web\/wp-json\/wp\/v2\/posts"}],"about":[{"href":"https:\/\/ligamercedina.com\/web\/wp-json\/wp\/v2\/types\/post"}],"author":[{"embeddable":true,"href":"https:\/\/ligamercedina.com\/web\/wp-json\/wp\/v2\/users\/1"}],"replies":[{"embeddable":true,"href":"https:\/\/ligamercedina.com\/web\/wp-json\/wp\/v2\/comments?post=2701"}],"version-history":[{"count":14,"href":"https:\/\/ligamercedina.com\/web\/wp-json\/wp\/v2\/posts\/2701\/revisions"}],"predecessor-version":[{"id":2706,"href":"https:\/\/ligamercedina.com\/web\/wp-json\/wp\/v2\/posts\/2701\/revisions\/2706"}],"wp:attachment":[{"href":"https:\/\/ligamercedina.com\/web\/wp-json\/wp\/v2\/media?parent=2701"}],"wp:term":[{"taxonomy":"category","embeddable":true,"href":"https:\/\/ligamercedina.com\/web\/wp-json\/wp\/v2\/categories?post=2701"},{"taxonomy":"post_tag","embeddable":true,"href":"https:\/\/ligamercedina.com\/web\/wp-json\/wp\/v2\/tags?post=2701"}],"curies":[{"name":"wp","href":"https:\/\/api.w.org\/{rel}","templated":true}]}}