{"id":26990,"date":"2021-03-22T14:11:44","date_gmt":"2021-03-22T17:11:44","guid":{"rendered":"https:\/\/ligamercedina.com\/web\/?p=26990"},"modified":"2021-03-27T21:43:28","modified_gmt":"2021-03-28T00:43:28","slug":"reserva-horarios-para-la-fecha-3","status":"publish","type":"post","link":"https:\/\/ligamercedina.com\/web\/reserva-horarios-para-la-fecha-3\/","title":{"rendered":"RESERVA: HORARIOS PARA LA FECHA 3"},"content":{"rendered":"<p><em><strong>S\u00e1bado 27 de marzo, cancha Los Carteros<\/strong><\/em><br \/>\nLos Carteros Vs. Atl\u00e9tico Marcos Paz -SUSPENDIDO-<br \/>\nGimnasia Vs. Uni\u00f3n &#8211; SUSPENDIDO-<\/p>\n<p><em><strong>S\u00e1bado 27 de marzo, cancha Quilmes<\/strong><\/em><br \/>\nLa Diego Armando Vs.  Defensores Jrs. -SUSPENDIDO-<br \/>\nQuilmes Vs. Talleres -SUSPENDIDO-<\/p>\n<p><em><strong>S\u00e1bado 27 de marzo, cancha Trocha<\/strong><\/em><br \/>\n13:45 hs. Estudiantes Vs. AMEFIP<br \/>\n16:00 hs. Trocha Vs. V\u00e9lez<\/p>\n<p><em><strong>S\u00e1bado 27 de marzo, cancha Juventud<\/strong><\/em><br \/>\n14:00 hs. Juventud Vs. El Tim\u00f3n -SUSPENDIDO-<\/p>\n<p><em><strong>S\u00e1bado 27 de marzo, cancha Ateneo<\/strong><\/em><br \/>\nAteneo Vs. La Tijera -SUSPENDIDO-<\/p>\n<p><em><strong>S\u00e1bado 27 de marzo, cancha Col\u00f3n<\/strong><\/em><br \/>\nCol\u00f3n Vs. Mercedes -SUSPENDIDO-<\/p>\n<p><em><strong>Domingo 28 de marzo, cancha El Front\u00f3n<\/strong><\/em><br \/>\nEl Front\u00f3n Vs. Holanda &#8211; SUSPENDIDO &#8211; <\/p>\n<p><em><strong>Domingo 28 de marzo, cancha Pabell\u00f3n Argentino<\/strong><\/em><br \/>\n15:00 hs. Pabell\u00f3n Argentino Vs. Deportivo Gowland<\/p>\n","protected":false},"excerpt":{"rendered":"<p>S\u00e1bado 27 de marzo, cancha Los Carteros Los Carteros Vs. Atl\u00e9tico Marcos Paz -SUSPENDIDO- Gimnasia Vs. Uni\u00f3n &#8211; SUSPENDIDO- S\u00e1bado 27 de marzo, cancha Quilmes La Diego Armando Vs. Defensores Jrs. -SUSPENDIDO- Quilmes Vs. Talleres -SUSPENDIDO- S\u00e1bado 27 de marzo, cancha Trocha 13:45 hs. Estudiantes Vs. AMEFIP 16:00 hs. Trocha Vs. V\u00e9lez S\u00e1bado 27 de marzo, cancha Juventud 14:00 hs.<\/p>\n","protected":false},"author":2,"featured_media":0,"comment_status":"open","ping_status":"open","sticky":false,"template":"","format":"standard","meta":{"footnotes":""},"categories":[4],"tags":[],"class_list":["post-26990","post","type-post","status-publish","format-standard","hentry","category-informaciongeneral"],"_links":{"self":[{"href":"https:\/\/ligamercedina.com\/web\/wp-json\/wp\/v2\/posts\/26990","targetHints":{"allow":["GET"]}}],"collection":[{"href":"https:\/\/ligamercedina.com\/web\/wp-json\/wp\/v2\/posts"}],"about":[{"href":"https:\/\/ligamercedina.com\/web\/wp-json\/wp\/v2\/types\/post"}],"author":[{"embeddable":true,"href":"https:\/\/ligamercedina.com\/web\/wp-json\/wp\/v2\/users\/2"}],"replies":[{"embeddable":true,"href":"https:\/\/ligamercedina.com\/web\/wp-json\/wp\/v2\/comments?post=26990"}],"version-history":[{"count":11,"href":"https:\/\/ligamercedina.com\/web\/wp-json\/wp\/v2\/posts\/26990\/revisions"}],"predecessor-version":[{"id":27013,"href":"https:\/\/ligamercedina.com\/web\/wp-json\/wp\/v2\/posts\/26990\/revisions\/27013"}],"wp:attachment":[{"href":"https:\/\/ligamercedina.com\/web\/wp-json\/wp\/v2\/media?parent=26990"}],"wp:term":[{"taxonomy":"category","embeddable":true,"href":"https:\/\/ligamercedina.com\/web\/wp-json\/wp\/v2\/categories?post=26990"},{"taxonomy":"post_tag","embeddable":true,"href":"https:\/\/ligamercedina.com\/web\/wp-json\/wp\/v2\/tags?post=26990"}],"curies":[{"name":"wp","href":"https:\/\/api.w.org\/{rel}","templated":true}]}}