{"id":26935,"date":"2021-03-11T21:26:07","date_gmt":"2021-03-12T00:26:07","guid":{"rendered":"https:\/\/ligamercedina.com\/web\/?p=26935"},"modified":"2021-03-12T22:46:11","modified_gmt":"2021-03-13T01:46:11","slug":"primera-reserva-jugadores-inhabilitados-al-momento","status":"publish","type":"post","link":"https:\/\/ligamercedina.com\/web\/primera-reserva-jugadores-inhabilitados-al-momento\/","title":{"rendered":"PRIMERA &#8211; RESERVA: JUGADORES INHABILITADOS AL MOMENTO"},"content":{"rendered":"<p>Se hace saber que los siguientes jugadores est\u00e1n inhabilitados de manera provisoria atento a que a\u00fan no se han cumplimentado los tr\u00e1mites administrativos de sus transferencias.<br \/>\nEn su mayor\u00eda se trata de pases ingresados durante la presente semana.<br \/>\nLos clubes tienen tiempo ma\u00f1ana viernes en el horario de 18 a 20 horas de regularizar la situaci\u00f3n, caso contrario continuar\u00e1 la inhabilitaci\u00f3n.<br \/>\nJUGADORES INHABILITADOS<br \/>\nAMADO MARTIN\t\t(LA TIJERA)<br \/>\nLUDUE\u00d1A DIEGO\t\t(AMEFIP)<br \/>\nRAMIREZ LEANDRO\t\t(DEFENSORES)<br \/>\nRAMIREZ JUAN\t\t(TALLERES)<br \/>\nGALVAN MAURICIO\t\t(TALLERES)<br \/>\nALVAREZ FRANCISCO\t\t(TALLERES)<br \/>\nVELAZQUEZ EMILIANO\t\t(AMEFIP)<br \/>\nRAMIREZ JUAN PABLO\t\t(TALLERES)<br \/>\nIBARRA ESTEBAN LAUREANO\t\t(TROCHA)<br \/>\nRODRIGUEZ ESTEBAN\t\t(MERCEDES)<br \/>\nCABEZA AGUSTIN\t\t(TALLERES)<br \/>\nALVAREZ LORENZO\t\t(TALLERES)<br \/>\nNATALE ADRIAN\t\t(TALLERES)<\/p>\n<p><strong>HABILITACIONES<\/strong><br \/>\nAsimismo se hace saber que varios jugadores han sido habilitados de manera provisoria atento a que en sus pases han acompa\u00f1ado la correspondiente liberta de de acci\u00f3n. En el caso que los pases concedidos lleguen con alguna observaci\u00f3n, se comnunicar\u00e1 a los respectivos clubes.<br \/>\nSe recuerda tal cual se anticipara que tambi\u00e9n han quedado habilitados aquellos jugadores cuyos pases no fueron respondidos en los tiempos reglamentarios.<\/p>\n","protected":false},"excerpt":{"rendered":"<p>Se hace saber que los siguientes jugadores est\u00e1n inhabilitados de manera provisoria atento a que a\u00fan no se han cumplimentado los tr\u00e1mites administrativos de sus transferencias. En su mayor\u00eda se trata de pases ingresados durante la presente semana. Los clubes tienen tiempo ma\u00f1ana viernes en el horario de 18 a 20 horas de regularizar la situaci\u00f3n, caso contrario continuar\u00e1 la<\/p>\n","protected":false},"author":2,"featured_media":0,"comment_status":"open","ping_status":"open","sticky":false,"template":"","format":"standard","meta":{"footnotes":""},"categories":[4],"tags":[],"class_list":["post-26935","post","type-post","status-publish","format-standard","hentry","category-informaciongeneral"],"_links":{"self":[{"href":"https:\/\/ligamercedina.com\/web\/wp-json\/wp\/v2\/posts\/26935","targetHints":{"allow":["GET"]}}],"collection":[{"href":"https:\/\/ligamercedina.com\/web\/wp-json\/wp\/v2\/posts"}],"about":[{"href":"https:\/\/ligamercedina.com\/web\/wp-json\/wp\/v2\/types\/post"}],"author":[{"embeddable":true,"href":"https:\/\/ligamercedina.com\/web\/wp-json\/wp\/v2\/users\/2"}],"replies":[{"embeddable":true,"href":"https:\/\/ligamercedina.com\/web\/wp-json\/wp\/v2\/comments?post=26935"}],"version-history":[{"count":9,"href":"https:\/\/ligamercedina.com\/web\/wp-json\/wp\/v2\/posts\/26935\/revisions"}],"predecessor-version":[{"id":26946,"href":"https:\/\/ligamercedina.com\/web\/wp-json\/wp\/v2\/posts\/26935\/revisions\/26946"}],"wp:attachment":[{"href":"https:\/\/ligamercedina.com\/web\/wp-json\/wp\/v2\/media?parent=26935"}],"wp:term":[{"taxonomy":"category","embeddable":true,"href":"https:\/\/ligamercedina.com\/web\/wp-json\/wp\/v2\/categories?post=26935"},{"taxonomy":"post_tag","embeddable":true,"href":"https:\/\/ligamercedina.com\/web\/wp-json\/wp\/v2\/tags?post=26935"}],"curies":[{"name":"wp","href":"https:\/\/api.w.org\/{rel}","templated":true}]}}