{"id":26887,"date":"2021-02-24T10:19:11","date_gmt":"2021-02-24T13:19:11","guid":{"rendered":"https:\/\/ligamercedina.com\/web\/?p=26887"},"modified":"2021-02-24T10:19:11","modified_gmt":"2021-02-24T13:19:11","slug":"afiliaciones-2","status":"publish","type":"post","link":"https:\/\/ligamercedina.com\/web\/afiliaciones-2\/","title":{"rendered":"AFILIACIONES"},"content":{"rendered":"<p><em><strong>Mercedes, 23 de febrero<\/strong><\/em><\/p>\n<p>&nbsp;<\/p>\n<p><strong>Atento a que a la fecha a\u00fan no se han cumplimentado los tr\u00e1mites administrativos para afiliaci\u00f3n\/re afiliaci\u00f3n por parte de algunas instituciones es que los clubes ya afiliados han decidido por unanimidad, en reuni\u00f3n realizada el d\u00eda lunes, otorgar plazo hasta el pr\u00f3ximo vienes 26 a las 19 horas para que las instituciones Espa\u00f1ol de Luj\u00e1n y A.M.E.F.I.P. realicen las presentaciones respectivas.<\/strong><\/p>\n<p><strong>Extinguido el plazo, se dar\u00e1 por finalizado el plazo, dando lugar a un reordenamiento en el reglamento de juego para los torneos de Primera y Reserva ya decididos.<\/strong><\/p>\n","protected":false},"excerpt":{"rendered":"<p>Mercedes, 23 de febrero &nbsp; Atento a que a la fecha a\u00fan no se han cumplimentado los tr\u00e1mites administrativos para afiliaci\u00f3n\/re afiliaci\u00f3n por parte de algunas instituciones es que los clubes ya afiliados han decidido por unanimidad, en reuni\u00f3n realizada el d\u00eda lunes, otorgar plazo hasta el pr\u00f3ximo vienes 26 a las 19 horas para que las instituciones Espa\u00f1ol de<\/p>\n","protected":false},"author":2,"featured_media":0,"comment_status":"open","ping_status":"open","sticky":false,"template":"","format":"standard","meta":{"footnotes":""},"categories":[4],"tags":[],"class_list":["post-26887","post","type-post","status-publish","format-standard","hentry","category-informaciongeneral"],"_links":{"self":[{"href":"https:\/\/ligamercedina.com\/web\/wp-json\/wp\/v2\/posts\/26887","targetHints":{"allow":["GET"]}}],"collection":[{"href":"https:\/\/ligamercedina.com\/web\/wp-json\/wp\/v2\/posts"}],"about":[{"href":"https:\/\/ligamercedina.com\/web\/wp-json\/wp\/v2\/types\/post"}],"author":[{"embeddable":true,"href":"https:\/\/ligamercedina.com\/web\/wp-json\/wp\/v2\/users\/2"}],"replies":[{"embeddable":true,"href":"https:\/\/ligamercedina.com\/web\/wp-json\/wp\/v2\/comments?post=26887"}],"version-history":[{"count":1,"href":"https:\/\/ligamercedina.com\/web\/wp-json\/wp\/v2\/posts\/26887\/revisions"}],"predecessor-version":[{"id":26888,"href":"https:\/\/ligamercedina.com\/web\/wp-json\/wp\/v2\/posts\/26887\/revisions\/26888"}],"wp:attachment":[{"href":"https:\/\/ligamercedina.com\/web\/wp-json\/wp\/v2\/media?parent=26887"}],"wp:term":[{"taxonomy":"category","embeddable":true,"href":"https:\/\/ligamercedina.com\/web\/wp-json\/wp\/v2\/categories?post=26887"},{"taxonomy":"post_tag","embeddable":true,"href":"https:\/\/ligamercedina.com\/web\/wp-json\/wp\/v2\/tags?post=26887"}],"curies":[{"name":"wp","href":"https:\/\/api.w.org\/{rel}","templated":true}]}}