{"id":26788,"date":"2020-05-12T20:46:02","date_gmt":"2020-05-12T23:46:02","guid":{"rendered":"https:\/\/ligamercedina.com\/web\/?p=26788"},"modified":"2020-05-12T20:46:17","modified_gmt":"2020-05-12T23:46:17","slug":"desde-el-gobierno-aclaran-que-no-hay-fecha-para-el-regreso-de-la-actividad","status":"publish","type":"post","link":"https:\/\/ligamercedina.com\/web\/desde-el-gobierno-aclaran-que-no-hay-fecha-para-el-regreso-de-la-actividad\/","title":{"rendered":"DESDE EL GOBIERNO ACLARAN AHORA QUE NO HAY FECHA PARA EL REGRESO DE LA ACTIVIDAD"},"content":{"rendered":"<p><strong>En  cuesti\u00f3n de horas, y ante el revuelo que se arm\u00f3 en gran parte del pa\u00eds ante la posibilidad que la actividad deportiva regresara el d\u00eda 25 de mayo, el  Ministro de Salud de la Naci\u00f3n aclar\u00f3 que no confirm\u00f3 una fecha concreta. \u00abLos equipos t\u00e9cnicos seguir\u00e1n hablando para ir armando el protocolo\u00bb, expres\u00f3. En tanto, confirm\u00f3 que cuando regrese, \u00abser\u00e1 sin p\u00fablico\u00bb.<\/strong><\/p>\n","protected":false},"excerpt":{"rendered":"<p>En cuesti\u00f3n de horas, y ante el revuelo que se arm\u00f3 en gran parte del pa\u00eds ante la posibilidad que la actividad deportiva regresara el d\u00eda 25 de mayo, el Ministro de Salud de la Naci\u00f3n aclar\u00f3 que no confirm\u00f3 una fecha concreta. \u00abLos equipos t\u00e9cnicos seguir\u00e1n hablando para ir armando el protocolo\u00bb, expres\u00f3. En tanto, confirm\u00f3 que cuando regrese,<\/p>\n","protected":false},"author":2,"featured_media":0,"comment_status":"open","ping_status":"open","sticky":false,"template":"","format":"standard","meta":{"footnotes":""},"categories":[4],"tags":[],"class_list":["post-26788","post","type-post","status-publish","format-standard","hentry","category-informaciongeneral"],"_links":{"self":[{"href":"https:\/\/ligamercedina.com\/web\/wp-json\/wp\/v2\/posts\/26788","targetHints":{"allow":["GET"]}}],"collection":[{"href":"https:\/\/ligamercedina.com\/web\/wp-json\/wp\/v2\/posts"}],"about":[{"href":"https:\/\/ligamercedina.com\/web\/wp-json\/wp\/v2\/types\/post"}],"author":[{"embeddable":true,"href":"https:\/\/ligamercedina.com\/web\/wp-json\/wp\/v2\/users\/2"}],"replies":[{"embeddable":true,"href":"https:\/\/ligamercedina.com\/web\/wp-json\/wp\/v2\/comments?post=26788"}],"version-history":[{"count":2,"href":"https:\/\/ligamercedina.com\/web\/wp-json\/wp\/v2\/posts\/26788\/revisions"}],"predecessor-version":[{"id":26790,"href":"https:\/\/ligamercedina.com\/web\/wp-json\/wp\/v2\/posts\/26788\/revisions\/26790"}],"wp:attachment":[{"href":"https:\/\/ligamercedina.com\/web\/wp-json\/wp\/v2\/media?parent=26788"}],"wp:term":[{"taxonomy":"category","embeddable":true,"href":"https:\/\/ligamercedina.com\/web\/wp-json\/wp\/v2\/categories?post=26788"},{"taxonomy":"post_tag","embeddable":true,"href":"https:\/\/ligamercedina.com\/web\/wp-json\/wp\/v2\/tags?post=26788"}],"curies":[{"name":"wp","href":"https:\/\/api.w.org\/{rel}","templated":true}]}}