{"id":2670,"date":"2009-11-07T10:50:36","date_gmt":"2009-11-07T13:50:36","guid":{"rendered":"https:\/\/ligamercedina.com\/?p=2670"},"modified":"2009-11-07T10:50:36","modified_gmt":"2009-11-07T13:50:36","slug":"resultados-del-futbol-infantil-17","status":"publish","type":"post","link":"https:\/\/ligamercedina.com\/web\/resultados-del-futbol-infantil-17\/","title":{"rendered":"RESULTADOS DEL FUTBOL INFANTIL"},"content":{"rendered":"<p><strong>MERCEDES \u00abA\u00bb VS. ATENEO<\/strong><br \/>\nCategor\u00eda 2000: <strong>0 &#8211; 0<\/strong><br \/>\nCategor\u00eda 99: <strong>2<\/strong> (Ignacio Vaccarezza 2) &#8211; <strong>2<\/strong> (Francisco Delvento y Jer\u00f3nimo Puricelli)<br \/>\nCategor\u00eda 98: <strong>0 &#8211; 0<\/strong><br \/>\nCategor\u00eda 97: <strong>0 &#8211; 8<\/strong> (Lautaro Jaime, Nicol\u00e1s P\u00e9rez 3, Luciano Ravassa 2 y Francisco Uncal 2)<br \/>\nCategor\u00eda 96: <strong>3<\/strong> (Gast\u00f3n Ari\u00f1o y Rodrigo Zapata 2) &#8211; <strong>0<\/strong><br \/>\nCategor\u00eda 95: <strong>2<\/strong> (Jonathan Fat y Maximiliano Morales) &#8211; <strong>0<\/strong><br \/>\nCategor\u00eda 94: <strong>0 &#8211; 2<\/strong> (Lucas Centuri\u00f3n 2)<br \/>\nCategor\u00eda 93-92: <strong>2<\/strong> (Rodrigo Gatti 2) &#8211; <strong>1<\/strong> (Tom\u00e1s Bolia)<\/p>\n<p><strong>EL FRONT\u00d3N VS. ESTUDIANTES<\/strong><br \/>\nCategor\u00eda 2000: <strong>1<\/strong> (Joaqu\u00edn Casado) &#8211; <strong>0<\/strong><br \/>\nCategor\u00eda 99: <strong>1<\/strong> (Lucas Iribarne) &#8211; <strong>1<\/strong> (Ramiro Mart\u00ednez)<br \/>\nCategor\u00eda 98: <strong>2<\/strong> (Federico Dinardi 2) &#8211; <strong>6<\/strong> (Agust\u00edn Barrera, Nicol\u00e1s Bartolomeo 3 y Lucas Gallo 2)<br \/>\nCategor\u00eda 97: <strong>1<\/strong> (Juan Lanzone) &#8211; <strong>1<\/strong> (Carlos Rossi)<br \/>\nCategor\u00eda 96: <strong>1<\/strong> (Agust\u00edn Rossi) &#8211; <strong>0<\/strong><br \/>\nCategor\u00eda 95: <strong>0 &#8211; 0<\/strong><br \/>\nCategor\u00eda 94: <strong>3<\/strong> (Mateo Casas, Pedro Gussoni y Blas Tallarico) &#8211; <strong>0<\/strong><br \/>\nCategor\u00eda 93-92: <strong>2<\/strong> (Jos\u00e9 Mansilla y Francisco Ponchione) &#8211; <strong>0<\/strong><\/p>\n<p><strong>VELEZ SARSFIELD VS. JUVENTUD<\/strong><br \/>\nCategor\u00eda 2000: <strong>1<\/strong> (Eduardo Carrizo) &#8211; <strong>1<\/strong> (Franco Taborda)<br \/>\nCategor\u00eda 99: <strong>2<\/strong> (Tom\u00e1s Pietragallo y Pedro Contreras) &#8211; <strong>2<\/strong> (Tom\u00e1s Burnes y Eric D\u00edaz)<br \/>\nCategor\u00eda 98: <strong>1<\/strong> (Luis Islas) &#8211; <strong>0<\/strong><br \/>\nCategor\u00eda 97: <strong>6<\/strong> (Maximiliano B\u00e1ez, Santiago Escudero, Franco Irusta, Gustavo Lucero y Ramiro Roa 2) &#8211; <strong>0<\/strong><br \/>\nCategor\u00eda 96: <strong>3<\/strong> (Iv\u00e1n Quevedo, Nicol\u00e1s Ram\u00edrez y Leandro Lucero) &#8211; <strong>2<\/strong> (Braian Far\u00edas y Nahuel Guti\u00e9rrez)<br \/>\nCategor\u00eda 95: V\u00e9lez no se present\u00f3<br \/>\nCategor\u00eda 94: <strong>1<\/strong> (Braian Escudero) &#8211; <strong>1<\/strong> (Sebasti\u00e1n Parlapiano)<br \/>\nCategor\u00eda 93-92: <strong>2<\/strong> (Lucas Atampi y Diego Dubertti) &#8211; <strong>1<\/strong> (Juan Potes)<\/p>\n<p><strong>QUILMES VS. MERCEDES<\/strong><br \/>\nCategor\u00eda 2000: <strong>0 &#8211; 1<\/strong> (Guido Rebagliatti)<br \/>\nCategor\u00eda 99: <strong>2<\/strong> (Joaqu\u00edn Dabove y Juli\u00e1n G\u00f3mez) &#8211; <strong>1<\/strong> (Gast\u00f3n Lucero)<br \/>\nCategor\u00eda 98: <strong>0 &#8211; 0<\/strong><br \/>\nCategor\u00eda 97: <strong>0 &#8211; 1<\/strong> (Agust\u00edn Frustoli)<br \/>\nCategor\u00eda 96: <strong>0 &#8211; 2<\/strong> (Nicol\u00e1s Contardi 2 )<br \/>\nCategor\u00eda 95: <strong>Postergado<\/strong><br \/>\nCategor\u00eda 94: <strong>Postergado<\/strong><br \/>\nCategor\u00eda 93-92: <strong>0 &#8211; 0<\/strong><\/p>\n<p><strong>UNION VS. COMUNICACIONES<\/strong><br \/>\nCategor\u00eda 2000: <strong>0 &#8211; 8<\/strong> (Mat\u00edas Altamore 2, Franzo Mezza 3, Enzo Cabuccio, Ramiro Palacios y Mart\u00edn Vega)<br \/>\nCategor\u00eda 99: <strong>0 &#8211; 0<\/strong><br \/>\nCategor\u00eda 98: <strong>1<\/strong> (Iv\u00e1n Mercado) &#8211; <strong>1<\/strong> (Nicol\u00e1s Santana)<br \/>\nCategor\u00eda 97: <strong>0 &#8211; 1<\/strong> (Juan Cruz Torres)<\/p>\n","protected":false},"excerpt":{"rendered":"<p>MERCEDES \u00abA\u00bb VS. ATENEO Categor\u00eda 2000: 0 &#8211; 0 Categor\u00eda 99: 2 (Ignacio Vaccarezza 2) &#8211; 2 (Francisco Delvento y Jer\u00f3nimo Puricelli) Categor\u00eda 98: 0 &#8211; 0 Categor\u00eda 97: 0 &#8211; 8 (Lautaro Jaime, Nicol\u00e1s P\u00e9rez 3, Luciano Ravassa 2 y Francisco Uncal 2) Categor\u00eda 96: 3 (Gast\u00f3n Ari\u00f1o y Rodrigo Zapata 2) &#8211; 0 Categor\u00eda 95: 2 (Jonathan Fat<\/p>\n","protected":false},"author":1,"featured_media":0,"comment_status":"open","ping_status":"open","sticky":false,"template":"","format":"standard","meta":{"footnotes":""},"categories":[4],"tags":[],"class_list":["post-2670","post","type-post","status-publish","format-standard","hentry","category-informaciongeneral"],"_links":{"self":[{"href":"https:\/\/ligamercedina.com\/web\/wp-json\/wp\/v2\/posts\/2670","targetHints":{"allow":["GET"]}}],"collection":[{"href":"https:\/\/ligamercedina.com\/web\/wp-json\/wp\/v2\/posts"}],"about":[{"href":"https:\/\/ligamercedina.com\/web\/wp-json\/wp\/v2\/types\/post"}],"author":[{"embeddable":true,"href":"https:\/\/ligamercedina.com\/web\/wp-json\/wp\/v2\/users\/1"}],"replies":[{"embeddable":true,"href":"https:\/\/ligamercedina.com\/web\/wp-json\/wp\/v2\/comments?post=2670"}],"version-history":[{"count":11,"href":"https:\/\/ligamercedina.com\/web\/wp-json\/wp\/v2\/posts\/2670\/revisions"}],"predecessor-version":[{"id":2672,"href":"https:\/\/ligamercedina.com\/web\/wp-json\/wp\/v2\/posts\/2670\/revisions\/2672"}],"wp:attachment":[{"href":"https:\/\/ligamercedina.com\/web\/wp-json\/wp\/v2\/media?parent=2670"}],"wp:term":[{"taxonomy":"category","embeddable":true,"href":"https:\/\/ligamercedina.com\/web\/wp-json\/wp\/v2\/categories?post=2670"},{"taxonomy":"post_tag","embeddable":true,"href":"https:\/\/ligamercedina.com\/web\/wp-json\/wp\/v2\/tags?post=2670"}],"curies":[{"name":"wp","href":"https:\/\/api.w.org\/{rel}","templated":true}]}}