{"id":26558,"date":"2020-02-21T18:26:29","date_gmt":"2020-02-21T21:26:29","guid":{"rendered":"https:\/\/ligamercedina.com\/web\/?p=26558"},"modified":"2020-02-21T23:05:25","modified_gmt":"2020-02-22T02:05:25","slug":"torneo-de-verano-horarios-para-martes-y-miercoles-con-modificaciones","status":"publish","type":"post","link":"https:\/\/ligamercedina.com\/web\/torneo-de-verano-horarios-para-martes-y-miercoles-con-modificaciones\/","title":{"rendered":"TORNEO DE VERANO: HORARIOS PARA MARTES Y MIERCOLES CON MODIFICACIONES"},"content":{"rendered":"<p><em><strong>Fecha 3 (Martes 25 de febrero)<\/strong><\/em><br \/>\n19:30 hs. V\u00e9lez Vs. Defensores<br \/>\n20:30 hs. Juventud Vs. El Front\u00f3n<br \/>\n21:30 hs. Mercedes Vs. Palometas<\/p>\n<p><em><strong>Fecha 4 (Mi\u00e9rcoles 26 de febrero)<\/strong><\/em><br \/>\n19:15 hs. Estudiantes Vs. Los Carteros<br \/>\n20:15 hs. V\u00e9lez Vs. Los Palometas<br \/>\n21:15 hs. Quilmes Vs. Talleres<br \/>\n22:15 hs. Mercedes Vs. Defensores<\/p>\n","protected":false},"excerpt":{"rendered":"<p>Fecha 3 (Martes 25 de febrero) 19:30 hs. V\u00e9lez Vs. Defensores 20:30 hs. Juventud Vs. El Front\u00f3n 21:30 hs. Mercedes Vs. Palometas Fecha 4 (Mi\u00e9rcoles 26 de febrero) 19:15 hs. Estudiantes Vs. Los Carteros 20:15 hs. V\u00e9lez Vs. Los Palometas 21:15 hs. Quilmes Vs. Talleres 22:15 hs. Mercedes Vs. Defensores<\/p>\n","protected":false},"author":2,"featured_media":0,"comment_status":"open","ping_status":"open","sticky":false,"template":"","format":"standard","meta":{"footnotes":""},"categories":[4],"tags":[],"class_list":["post-26558","post","type-post","status-publish","format-standard","hentry","category-informaciongeneral"],"_links":{"self":[{"href":"https:\/\/ligamercedina.com\/web\/wp-json\/wp\/v2\/posts\/26558","targetHints":{"allow":["GET"]}}],"collection":[{"href":"https:\/\/ligamercedina.com\/web\/wp-json\/wp\/v2\/posts"}],"about":[{"href":"https:\/\/ligamercedina.com\/web\/wp-json\/wp\/v2\/types\/post"}],"author":[{"embeddable":true,"href":"https:\/\/ligamercedina.com\/web\/wp-json\/wp\/v2\/users\/2"}],"replies":[{"embeddable":true,"href":"https:\/\/ligamercedina.com\/web\/wp-json\/wp\/v2\/comments?post=26558"}],"version-history":[{"count":2,"href":"https:\/\/ligamercedina.com\/web\/wp-json\/wp\/v2\/posts\/26558\/revisions"}],"predecessor-version":[{"id":26560,"href":"https:\/\/ligamercedina.com\/web\/wp-json\/wp\/v2\/posts\/26558\/revisions\/26560"}],"wp:attachment":[{"href":"https:\/\/ligamercedina.com\/web\/wp-json\/wp\/v2\/media?parent=26558"}],"wp:term":[{"taxonomy":"category","embeddable":true,"href":"https:\/\/ligamercedina.com\/web\/wp-json\/wp\/v2\/categories?post=26558"},{"taxonomy":"post_tag","embeddable":true,"href":"https:\/\/ligamercedina.com\/web\/wp-json\/wp\/v2\/tags?post=26558"}],"curies":[{"name":"wp","href":"https:\/\/api.w.org\/{rel}","templated":true}]}}