{"id":26544,"date":"2020-02-18T10:17:49","date_gmt":"2020-02-18T13:17:49","guid":{"rendered":"https:\/\/ligamercedina.com\/web\/?p=26544"},"modified":"2020-02-18T10:17:49","modified_gmt":"2020-02-18T13:17:49","slug":"torneo-de-verano-categoria-2008-arranque-confirmado","status":"publish","type":"post","link":"https:\/\/ligamercedina.com\/web\/torneo-de-verano-categoria-2008-arranque-confirmado\/","title":{"rendered":"TORNEO DE VERANO -CATEGORIA 2008-: ARRANQUE CONFIRMADO"},"content":{"rendered":"<p><strong>Esta tarde-noche dar\u00e1 comienzo el certamen de verano para la Categor\u00eda 2008.<br \/>\nEl programa de partidos es el siguiente:<\/p>\n<p>19:15 hs. Mercedes Vs. V\u00e9lez Sarsfield<br \/>\n20:15 hs. Los Carteros Vs. Talleres<br \/>\n21:15 hs. El Front\u00f3n Vs. Uni\u00f3n<br \/>\n22:15 hs. Estudiantes Vs. Quilmes<\/strong><\/p>\n","protected":false},"excerpt":{"rendered":"<p>Esta tarde-noche dar\u00e1 comienzo el certamen de verano para la Categor\u00eda 2008. El programa de partidos es el siguiente: 19:15 hs. Mercedes Vs. V\u00e9lez Sarsfield 20:15 hs. Los Carteros Vs. Talleres 21:15 hs. El Front\u00f3n Vs. Uni\u00f3n 22:15 hs. Estudiantes Vs. Quilmes<\/p>\n","protected":false},"author":2,"featured_media":0,"comment_status":"open","ping_status":"open","sticky":false,"template":"","format":"standard","meta":{"footnotes":""},"categories":[4],"tags":[],"class_list":["post-26544","post","type-post","status-publish","format-standard","hentry","category-informaciongeneral"],"_links":{"self":[{"href":"https:\/\/ligamercedina.com\/web\/wp-json\/wp\/v2\/posts\/26544","targetHints":{"allow":["GET"]}}],"collection":[{"href":"https:\/\/ligamercedina.com\/web\/wp-json\/wp\/v2\/posts"}],"about":[{"href":"https:\/\/ligamercedina.com\/web\/wp-json\/wp\/v2\/types\/post"}],"author":[{"embeddable":true,"href":"https:\/\/ligamercedina.com\/web\/wp-json\/wp\/v2\/users\/2"}],"replies":[{"embeddable":true,"href":"https:\/\/ligamercedina.com\/web\/wp-json\/wp\/v2\/comments?post=26544"}],"version-history":[{"count":1,"href":"https:\/\/ligamercedina.com\/web\/wp-json\/wp\/v2\/posts\/26544\/revisions"}],"predecessor-version":[{"id":26545,"href":"https:\/\/ligamercedina.com\/web\/wp-json\/wp\/v2\/posts\/26544\/revisions\/26545"}],"wp:attachment":[{"href":"https:\/\/ligamercedina.com\/web\/wp-json\/wp\/v2\/media?parent=26544"}],"wp:term":[{"taxonomy":"category","embeddable":true,"href":"https:\/\/ligamercedina.com\/web\/wp-json\/wp\/v2\/categories?post=26544"},{"taxonomy":"post_tag","embeddable":true,"href":"https:\/\/ligamercedina.com\/web\/wp-json\/wp\/v2\/tags?post=26544"}],"curies":[{"name":"wp","href":"https:\/\/api.w.org\/{rel}","templated":true}]}}