{"id":26516,"date":"2020-01-31T14:21:39","date_gmt":"2020-01-31T17:21:39","guid":{"rendered":"https:\/\/ligamercedina.com\/web\/?p=26516"},"modified":"2020-01-31T14:21:39","modified_gmt":"2020-01-31T17:21:39","slug":"comienza-la-actividad-en-la-sede-de-la-liga","status":"publish","type":"post","link":"https:\/\/ligamercedina.com\/web\/comienza-la-actividad-en-la-sede-de-la-liga\/","title":{"rendered":"COMIENZA LA ACTIVIDAD EN LA SEDE DE LA LIGA"},"content":{"rendered":"<p><strong>Se informa a los clubes afiliados que a partir del pr\u00f3ximo lunes habr\u00e1 atenci\u00f3n diaria -de lunes a viernes &#8211; en la sede de la instituci\u00f3n. En la primera semana de febrero ser\u00e1 de 18:30 a 20:00 y a partir del 10 se ampliar\u00e1.<br \/>\nEn las pr\u00f3ximas horas se dar\u00e1 a conocer detalles de la invitaci\u00f3n para participar de un torneo de verano de la Categor\u00eda 2008. En ese sentido, ya han confirmado participaci\u00f3n los clubes Mercedes, V\u00e9lez Sarsfield, Quilmes y Holanda.<\/strong><\/p>\n","protected":false},"excerpt":{"rendered":"<p>Se informa a los clubes afiliados que a partir del pr\u00f3ximo lunes habr\u00e1 atenci\u00f3n diaria -de lunes a viernes &#8211; en la sede de la instituci\u00f3n. En la primera semana de febrero ser\u00e1 de 18:30 a 20:00 y a partir del 10 se ampliar\u00e1. En las pr\u00f3ximas horas se dar\u00e1 a conocer detalles de la invitaci\u00f3n para participar de un<\/p>\n","protected":false},"author":2,"featured_media":0,"comment_status":"open","ping_status":"open","sticky":false,"template":"","format":"standard","meta":{"footnotes":""},"categories":[4],"tags":[],"class_list":["post-26516","post","type-post","status-publish","format-standard","hentry","category-informaciongeneral"],"_links":{"self":[{"href":"https:\/\/ligamercedina.com\/web\/wp-json\/wp\/v2\/posts\/26516","targetHints":{"allow":["GET"]}}],"collection":[{"href":"https:\/\/ligamercedina.com\/web\/wp-json\/wp\/v2\/posts"}],"about":[{"href":"https:\/\/ligamercedina.com\/web\/wp-json\/wp\/v2\/types\/post"}],"author":[{"embeddable":true,"href":"https:\/\/ligamercedina.com\/web\/wp-json\/wp\/v2\/users\/2"}],"replies":[{"embeddable":true,"href":"https:\/\/ligamercedina.com\/web\/wp-json\/wp\/v2\/comments?post=26516"}],"version-history":[{"count":1,"href":"https:\/\/ligamercedina.com\/web\/wp-json\/wp\/v2\/posts\/26516\/revisions"}],"predecessor-version":[{"id":26517,"href":"https:\/\/ligamercedina.com\/web\/wp-json\/wp\/v2\/posts\/26516\/revisions\/26517"}],"wp:attachment":[{"href":"https:\/\/ligamercedina.com\/web\/wp-json\/wp\/v2\/media?parent=26516"}],"wp:term":[{"taxonomy":"category","embeddable":true,"href":"https:\/\/ligamercedina.com\/web\/wp-json\/wp\/v2\/categories?post=26516"},{"taxonomy":"post_tag","embeddable":true,"href":"https:\/\/ligamercedina.com\/web\/wp-json\/wp\/v2\/tags?post=26516"}],"curies":[{"name":"wp","href":"https:\/\/api.w.org\/{rel}","templated":true}]}}