{"id":26509,"date":"2020-01-09T18:21:22","date_gmt":"2020-01-09T21:21:22","guid":{"rendered":"https:\/\/ligamercedina.com\/web\/?p=26509"},"modified":"2020-01-09T18:21:22","modified_gmt":"2020-01-09T21:21:22","slug":"curso-de-director-tecnico-oficial","status":"publish","type":"post","link":"https:\/\/ligamercedina.com\/web\/curso-de-director-tecnico-oficial\/","title":{"rendered":"CURSO DE DIRECTOR TECNICO OFICIAL"},"content":{"rendered":"<p><strong>A trav\u00e9s de una comunicaci\u00f3n telef\u00f3nica, el Presidente de la Liga de F\u00fatbol de Bragado Oscar Peracca, puso en conocimiento al Presidente de la Liga Mercedina el inicio del curso de director t\u00e9cnico, el cual se concretar\u00e1 este a\u00f1o en la ciudad de Chivilcoy.<br \/>\nA partir de gestiones realizadas ante la Municipalidad de Chivilcoy, dirigentes del f\u00fatbol de la misma localidad y Bragado pudieron lograr el apoyo necesario para el desembarco del importante curso que lleva el aporte de ATFA.<\/p>\n<p>Desde el a\u00f1o 2018, la carrera dura tres a\u00f1os con Licencias Conmebol. El primero es para recibir Licencia \u201cC\u201d (habilita para F\u00fatbol Base hasta 12 a\u00f1os) y \u201cB\u201d (habilita para F\u00fatbol Infanto Juvenil Amateur y Formativo hasta 15 a\u00f1os); el segundo para recibir Licencia \u201cA\u201d (F\u00fatbol J\u00f3venes \u00c9lite desde Sub 16 y 3ra y 4ta Divisi\u00f3n), y el tercer a\u00f1o para recibir la Licencia PRO (F\u00fatbol Profesional \u2013 1ra y 2da. Divisi\u00f3n).<\/p>\n<p>En los pr\u00f3ximos d\u00edas habr\u00e1 m\u00e1s informaci\u00f3n a los fines que tambi\u00e9n los entrenadores de la ciudad de Mercedes que tengan el inter\u00e9s de realizar el curso puedan hacerlo. De acuerdo a los primeros datos, el curso se dictar\u00eda en el Centro Universitario de Chivilcoy y tendr\u00eda un costo mensual de 3500 pesos. <\/strong><\/p>\n","protected":false},"excerpt":{"rendered":"<p>A trav\u00e9s de una comunicaci\u00f3n telef\u00f3nica, el Presidente de la Liga de F\u00fatbol de Bragado Oscar Peracca, puso en conocimiento al Presidente de la Liga Mercedina el inicio del curso de director t\u00e9cnico, el cual se concretar\u00e1 este a\u00f1o en la ciudad de Chivilcoy. A partir de gestiones realizadas ante la Municipalidad de Chivilcoy, dirigentes del f\u00fatbol de la misma<\/p>\n","protected":false},"author":2,"featured_media":0,"comment_status":"open","ping_status":"open","sticky":false,"template":"","format":"standard","meta":{"footnotes":""},"categories":[4],"tags":[],"class_list":["post-26509","post","type-post","status-publish","format-standard","hentry","category-informaciongeneral"],"_links":{"self":[{"href":"https:\/\/ligamercedina.com\/web\/wp-json\/wp\/v2\/posts\/26509","targetHints":{"allow":["GET"]}}],"collection":[{"href":"https:\/\/ligamercedina.com\/web\/wp-json\/wp\/v2\/posts"}],"about":[{"href":"https:\/\/ligamercedina.com\/web\/wp-json\/wp\/v2\/types\/post"}],"author":[{"embeddable":true,"href":"https:\/\/ligamercedina.com\/web\/wp-json\/wp\/v2\/users\/2"}],"replies":[{"embeddable":true,"href":"https:\/\/ligamercedina.com\/web\/wp-json\/wp\/v2\/comments?post=26509"}],"version-history":[{"count":1,"href":"https:\/\/ligamercedina.com\/web\/wp-json\/wp\/v2\/posts\/26509\/revisions"}],"predecessor-version":[{"id":26510,"href":"https:\/\/ligamercedina.com\/web\/wp-json\/wp\/v2\/posts\/26509\/revisions\/26510"}],"wp:attachment":[{"href":"https:\/\/ligamercedina.com\/web\/wp-json\/wp\/v2\/media?parent=26509"}],"wp:term":[{"taxonomy":"category","embeddable":true,"href":"https:\/\/ligamercedina.com\/web\/wp-json\/wp\/v2\/categories?post=26509"},{"taxonomy":"post_tag","embeddable":true,"href":"https:\/\/ligamercedina.com\/web\/wp-json\/wp\/v2\/tags?post=26509"}],"curies":[{"name":"wp","href":"https:\/\/api.w.org\/{rel}","templated":true}]}}