{"id":26506,"date":"2020-01-09T00:06:56","date_gmt":"2020-01-09T03:06:56","guid":{"rendered":"https:\/\/ligamercedina.com\/web\/?p=26506"},"modified":"2020-01-09T00:06:56","modified_gmt":"2020-01-09T03:06:56","slug":"luto-3","status":"publish","type":"post","link":"https:\/\/ligamercedina.com\/web\/luto-3\/","title":{"rendered":"LUTO"},"content":{"rendered":"<p>La Liga Mercedina quiere dar las condolencias a nuestro Tesorero Daniel Stefano en virtud del fallecimiento de su se\u00f1ora madre, ocurrido en el d\u00eda de hoy y cuyos restos est\u00e1n siendo velados en calles 26 y 7. Sus restos ser\u00e1n inhumados en el cementerio local, este jueves a las 16 horas.<\/p>\n","protected":false},"excerpt":{"rendered":"<p>La Liga Mercedina quiere dar las condolencias a nuestro Tesorero Daniel Stefano en virtud del fallecimiento de su se\u00f1ora madre, ocurrido en el d\u00eda de hoy y cuyos restos est\u00e1n siendo velados en calles 26 y 7. Sus restos ser\u00e1n inhumados en el cementerio local, este jueves a las 16 horas.<\/p>\n","protected":false},"author":2,"featured_media":0,"comment_status":"open","ping_status":"open","sticky":false,"template":"","format":"standard","meta":{"footnotes":""},"categories":[4],"tags":[],"class_list":["post-26506","post","type-post","status-publish","format-standard","hentry","category-informaciongeneral"],"_links":{"self":[{"href":"https:\/\/ligamercedina.com\/web\/wp-json\/wp\/v2\/posts\/26506","targetHints":{"allow":["GET"]}}],"collection":[{"href":"https:\/\/ligamercedina.com\/web\/wp-json\/wp\/v2\/posts"}],"about":[{"href":"https:\/\/ligamercedina.com\/web\/wp-json\/wp\/v2\/types\/post"}],"author":[{"embeddable":true,"href":"https:\/\/ligamercedina.com\/web\/wp-json\/wp\/v2\/users\/2"}],"replies":[{"embeddable":true,"href":"https:\/\/ligamercedina.com\/web\/wp-json\/wp\/v2\/comments?post=26506"}],"version-history":[{"count":1,"href":"https:\/\/ligamercedina.com\/web\/wp-json\/wp\/v2\/posts\/26506\/revisions"}],"predecessor-version":[{"id":26508,"href":"https:\/\/ligamercedina.com\/web\/wp-json\/wp\/v2\/posts\/26506\/revisions\/26508"}],"wp:attachment":[{"href":"https:\/\/ligamercedina.com\/web\/wp-json\/wp\/v2\/media?parent=26506"}],"wp:term":[{"taxonomy":"category","embeddable":true,"href":"https:\/\/ligamercedina.com\/web\/wp-json\/wp\/v2\/categories?post=26506"},{"taxonomy":"post_tag","embeddable":true,"href":"https:\/\/ligamercedina.com\/web\/wp-json\/wp\/v2\/tags?post=26506"}],"curies":[{"name":"wp","href":"https:\/\/api.w.org\/{rel}","templated":true}]}}