{"id":26488,"date":"2019-12-21T05:44:45","date_gmt":"2019-12-21T08:44:45","guid":{"rendered":"https:\/\/ligamercedina.com\/web\/?p=26488"},"modified":"2019-12-21T05:44:45","modified_gmt":"2019-12-21T08:44:45","slug":"eleccion-de-presidente","status":"publish","type":"post","link":"https:\/\/ligamercedina.com\/web\/eleccion-de-presidente\/","title":{"rendered":"ELECCION DE PRESIDENTE"},"content":{"rendered":"<p><strong>En la noche de este viernes se concret\u00f3 una asamblea ordinaria en la sede de la Liga Mercedina donde adem\u00e1s de la aprobaci\u00f3n por unanimidad de la Memoria y Balance para el ejercicio 2018 &#8211; 2019, fue electo como Presidente de la instituci\u00f3n para el per\u00edodo 2020 &#8211; 2021 Esteban Marcelo.<\/p>\n<p>En tanto el Dr. Mateo Marchessini fue electo Presidente del Tribunal de Penas, en este caso con la abstenci\u00f3n -al momento de votar &#8211;  de Club Estudiantes. <\/p>\n<p>AMPLIAREMOS<\/strong><\/p>\n","protected":false},"excerpt":{"rendered":"<p>En la noche de este viernes se concret\u00f3 una asamblea ordinaria en la sede de la Liga Mercedina donde adem\u00e1s de la aprobaci\u00f3n por unanimidad de la Memoria y Balance para el ejercicio 2018 &#8211; 2019, fue electo como Presidente de la instituci\u00f3n para el per\u00edodo 2020 &#8211; 2021 Esteban Marcelo. En tanto el Dr. Mateo Marchessini fue electo Presidente<\/p>\n","protected":false},"author":2,"featured_media":0,"comment_status":"open","ping_status":"open","sticky":false,"template":"","format":"standard","meta":{"footnotes":""},"categories":[4],"tags":[],"class_list":["post-26488","post","type-post","status-publish","format-standard","hentry","category-informaciongeneral"],"_links":{"self":[{"href":"https:\/\/ligamercedina.com\/web\/wp-json\/wp\/v2\/posts\/26488","targetHints":{"allow":["GET"]}}],"collection":[{"href":"https:\/\/ligamercedina.com\/web\/wp-json\/wp\/v2\/posts"}],"about":[{"href":"https:\/\/ligamercedina.com\/web\/wp-json\/wp\/v2\/types\/post"}],"author":[{"embeddable":true,"href":"https:\/\/ligamercedina.com\/web\/wp-json\/wp\/v2\/users\/2"}],"replies":[{"embeddable":true,"href":"https:\/\/ligamercedina.com\/web\/wp-json\/wp\/v2\/comments?post=26488"}],"version-history":[{"count":1,"href":"https:\/\/ligamercedina.com\/web\/wp-json\/wp\/v2\/posts\/26488\/revisions"}],"predecessor-version":[{"id":26489,"href":"https:\/\/ligamercedina.com\/web\/wp-json\/wp\/v2\/posts\/26488\/revisions\/26489"}],"wp:attachment":[{"href":"https:\/\/ligamercedina.com\/web\/wp-json\/wp\/v2\/media?parent=26488"}],"wp:term":[{"taxonomy":"category","embeddable":true,"href":"https:\/\/ligamercedina.com\/web\/wp-json\/wp\/v2\/categories?post=26488"},{"taxonomy":"post_tag","embeddable":true,"href":"https:\/\/ligamercedina.com\/web\/wp-json\/wp\/v2\/tags?post=26488"}],"curies":[{"name":"wp","href":"https:\/\/api.w.org\/{rel}","templated":true}]}}