{"id":26480,"date":"2019-12-18T08:28:10","date_gmt":"2019-12-18T11:28:10","guid":{"rendered":"https:\/\/ligamercedina.com\/web\/?p=26480"},"modified":"2019-12-18T08:28:10","modified_gmt":"2019-12-18T11:28:10","slug":"viernes-con-asambleas-en-la-liga","status":"publish","type":"post","link":"https:\/\/ligamercedina.com\/web\/viernes-con-asambleas-en-la-liga\/","title":{"rendered":"VIERNES CON ASAMBLEAS EN LA LIGA"},"content":{"rendered":"<p>Se recuerda a los clubes afiliados en la jornada del pr\u00f3ximo viernes se realizar\u00e1 en la sede de la Lig dos asamblea a los fines de definir distintas cuestiones como as\u00ed tambi\u00e9n adelantar temas relacionados con la temporada 2020 para todas las divisiones.<\/p>\n<p>Se pone en conocimiento de los clubes afiliados que en el caso de presencia de delegados, deber\u00e1n presentar la nota de designaci\u00f3n de delegado asamble\u00edsta a los fines de poder participar de las distintas votaciones.<\/p>\n<p>CONVOCATORIA A ASAMBLEA ORDINARIA<br \/>\nSe convoca a Asamblea Ordinaria para el d\u00eda 20 de diciembre de 2019, a las 20.00 horas, en la Secretaria de la Liga Mercedina de F\u00fatbol, a los efectos de tratar el siguiente,<\/p>\n<p>ORDEN DEL DIA<br \/>\n1) Lectura y consideraci\u00f3n del Acta de la Asamblea Ordinaria anterior.<br \/>\n2) Consideraci\u00f3n de la Memoria y Balance del Ejercicio fenecido (1-10-2018 al 30-09-2019)<br \/>\n3) Elecci\u00f3n de Presidente de la Liga Mercedina de F\u00fatbol por el t\u00e9rmino de dos (2) a\u00f1os por terminaci\u00f3n de mandato. (Periodo 01-01-2020 al 31-12- 2021).<br \/>\n4) Elecci\u00f3n de Presidente del Honorable Tribunal de Penas de la Liga Mercedina de F\u00fatbol por terminaci\u00f3n de mandato.(Periodo 2020-2021).<br \/>\n5) Designaci\u00f3n de dos (2) Revisores de Cuenta Titulares por el t\u00e9rmino de dos (2) a\u00f1os.<br \/>\n6) Designaci\u00f3n de dos (2) Asamble\u00edstas para refrendar el Acta.<br \/>\n7) Clausura.-<\/p>\n<p>Daniel Figueredo (Secretario) \u2013 Esteban Marcelo (Presidente)<\/p>\n<p>DE LOS ESTATUTOS: Las Asambleas se realizaran de acuerdo a lo establecido en los Art. 45\u00b0 y 46\u00b0 respectivamente del Estatuto en vigencia.-<\/p>\n<p>CONVOCATORIA A ASAMBLEA EXTRAORDINARIA<\/p>\n<p>Se convoca a Asamblea Extraordinaria para el d\u00eda 20 de diciembre de 2019, a las 20.30 horas, en la Secretar\u00eda de la Liga Mercedina de F\u00fatbol, a los efectos de tratar el siguiente,<\/p>\n<p>ORDEN DEL DIA<br \/>\n1) Desafiliaci\u00f3n del Club Talleres Payr\u00f3.<\/p>\n<p>2) Incorporaci\u00f3n a la instituci\u00f3n de la Disciplina Futsal<\/p>\n<p>3) Elecci\u00f3n de dos (2) asamble\u00edstas para refrendar el acta.-<\/p>\n<p>Daniel Figueredo (Secretario) \u2013 Esteban Marcelo (Presidente)<\/p>\n<p>PARA PARTICIPAR CON VOZ Y VOTO DE LA MISMA LOS CLUBES DEBER\u00c1N ESTAR AL D\u00cdA CON TESORER\u00cdA<\/p>\n","protected":false},"excerpt":{"rendered":"<p>Se recuerda a los clubes afiliados en la jornada del pr\u00f3ximo viernes se realizar\u00e1 en la sede de la Lig dos asamblea a los fines de definir distintas cuestiones como as\u00ed tambi\u00e9n adelantar temas relacionados con la temporada 2020 para todas las divisiones. Se pone en conocimiento de los clubes afiliados que en el caso de presencia de delegados, deber\u00e1n<\/p>\n","protected":false},"author":2,"featured_media":0,"comment_status":"open","ping_status":"open","sticky":false,"template":"","format":"standard","meta":{"footnotes":""},"categories":[4],"tags":[],"class_list":["post-26480","post","type-post","status-publish","format-standard","hentry","category-informaciongeneral"],"_links":{"self":[{"href":"https:\/\/ligamercedina.com\/web\/wp-json\/wp\/v2\/posts\/26480","targetHints":{"allow":["GET"]}}],"collection":[{"href":"https:\/\/ligamercedina.com\/web\/wp-json\/wp\/v2\/posts"}],"about":[{"href":"https:\/\/ligamercedina.com\/web\/wp-json\/wp\/v2\/types\/post"}],"author":[{"embeddable":true,"href":"https:\/\/ligamercedina.com\/web\/wp-json\/wp\/v2\/users\/2"}],"replies":[{"embeddable":true,"href":"https:\/\/ligamercedina.com\/web\/wp-json\/wp\/v2\/comments?post=26480"}],"version-history":[{"count":1,"href":"https:\/\/ligamercedina.com\/web\/wp-json\/wp\/v2\/posts\/26480\/revisions"}],"predecessor-version":[{"id":26481,"href":"https:\/\/ligamercedina.com\/web\/wp-json\/wp\/v2\/posts\/26480\/revisions\/26481"}],"wp:attachment":[{"href":"https:\/\/ligamercedina.com\/web\/wp-json\/wp\/v2\/media?parent=26480"}],"wp:term":[{"taxonomy":"category","embeddable":true,"href":"https:\/\/ligamercedina.com\/web\/wp-json\/wp\/v2\/categories?post=26480"},{"taxonomy":"post_tag","embeddable":true,"href":"https:\/\/ligamercedina.com\/web\/wp-json\/wp\/v2\/tags?post=26480"}],"curies":[{"name":"wp","href":"https:\/\/api.w.org\/{rel}","templated":true}]}}