{"id":2647,"date":"2009-10-31T11:32:08","date_gmt":"2009-10-31T14:32:08","guid":{"rendered":"https:\/\/ligamercedina.com\/?p=2647"},"modified":"2009-10-31T11:32:08","modified_gmt":"2009-10-31T14:32:08","slug":"infantil-y-reserva-suspendidas","status":"publish","type":"post","link":"https:\/\/ligamercedina.com\/web\/infantil-y-reserva-suspendidas\/","title":{"rendered":"TODA LA ACTIVIDAD DEL SABADO SUSPENDIDA"},"content":{"rendered":"<blockquote><p><strong>Debido a las inclemencias del tiempo qued\u00f3 suspendida la actividad correspondientes a los cert\u00e1menes del F\u00fatbol Infantil, Reserva y Primera Divisi\u00f3n.<br \/>\n<\/strong><\/p><\/blockquote>\n","protected":false},"excerpt":{"rendered":"<p>Debido a las inclemencias del tiempo qued\u00f3 suspendida la actividad correspondientes a los cert\u00e1menes del F\u00fatbol Infantil, Reserva y Primera Divisi\u00f3n.<\/p>\n","protected":false},"author":1,"featured_media":0,"comment_status":"open","ping_status":"open","sticky":false,"template":"","format":"standard","meta":{"footnotes":""},"categories":[4],"tags":[],"class_list":["post-2647","post","type-post","status-publish","format-standard","hentry","category-informaciongeneral"],"_links":{"self":[{"href":"https:\/\/ligamercedina.com\/web\/wp-json\/wp\/v2\/posts\/2647","targetHints":{"allow":["GET"]}}],"collection":[{"href":"https:\/\/ligamercedina.com\/web\/wp-json\/wp\/v2\/posts"}],"about":[{"href":"https:\/\/ligamercedina.com\/web\/wp-json\/wp\/v2\/types\/post"}],"author":[{"embeddable":true,"href":"https:\/\/ligamercedina.com\/web\/wp-json\/wp\/v2\/users\/1"}],"replies":[{"embeddable":true,"href":"https:\/\/ligamercedina.com\/web\/wp-json\/wp\/v2\/comments?post=2647"}],"version-history":[{"count":1,"href":"https:\/\/ligamercedina.com\/web\/wp-json\/wp\/v2\/posts\/2647\/revisions"}],"predecessor-version":[{"id":2649,"href":"https:\/\/ligamercedina.com\/web\/wp-json\/wp\/v2\/posts\/2647\/revisions\/2649"}],"wp:attachment":[{"href":"https:\/\/ligamercedina.com\/web\/wp-json\/wp\/v2\/media?parent=2647"}],"wp:term":[{"taxonomy":"category","embeddable":true,"href":"https:\/\/ligamercedina.com\/web\/wp-json\/wp\/v2\/categories?post=2647"},{"taxonomy":"post_tag","embeddable":true,"href":"https:\/\/ligamercedina.com\/web\/wp-json\/wp\/v2\/tags?post=2647"}],"curies":[{"name":"wp","href":"https:\/\/api.w.org\/{rel}","templated":true}]}}